{"id":422063,"date":"2025-09-14T12:30:15","date_gmt":"2025-09-14T12:30:15","guid":{"rendered":"https:\/\/www.europesays.com\/de\/422063\/"},"modified":"2025-09-14T12:30:15","modified_gmt":"2025-09-14T12:30:15","slug":"halle-fuer-alle-wasserdurchlaessiges-pflaster-verbaut","status":"publish","type":"post","link":"https:\/\/www.europesays.com\/de\/422063\/","title":{"rendered":"&#8222;Halle f\u00fcr alle&#8220;: Wasserdurchl\u00e4ssiges Pflaster verbaut"},"content":{"rendered":"<p><a href=\"https:\/\/allgemeinebauzeitung.de\/media\/_processed_\/c\/d\/csm_adolf-blatt-gmbh-co-kg-wassermanagement-bodenbelaege-pflasterverleg63054-1_6e3a4265c2.jpg\" class=\"fancybox\" data-fancybox=\"fancybox-galerie\" data-caption=\"Die Offenporigkeit ist dem wasserdurchl\u00e4ssigen Stuttgarter Sickerstein nicht anzusehen.\" rel=\"gallery nofollow noopener\" target=\"_blank\"><img decoding=\"async\" class=\"articleimg img-fluid img-opacity image-embed-item\" title=\"Die Offenporigkeit ist dem wasserdurchl\u00e4ssigen Stuttgarter Sickerstein nicht anzusehen.\" alt=\"Adolf Blatt GmbH + Co. KG Wassermanagement Bodenbel\u00e4ge\" loading=\"lazy\" src=\"https:\/\/www.europesays.com\/de\/wp-content\/uploads\/2025\/09\/csm_adolf-blatt-gmbh-co-kg-wassermanagement-bodenbelaege-pflasterverleg63054-1_c7c60174da.jpg\" width=\"900\" height=\"675\"\/><\/a><br \/>\n              Die Offenporigkeit ist dem wasserdurchl\u00e4ssigen Stuttgarter Sickerstein nicht anzusehen.<\/p>\n<p>                Foto: Adolf Blatt<\/p>\n<p>Die gut 6000 Einwohner z\u00e4hlende Gemeinde zwischen Ludwigsburg und Heilbronn er\u00f6ffnete im September 2024 ihre sanierte &#8222;Halle f\u00fcr alle&#8220;.<\/p>\n<p>In knapp drei Jahren Bauzeit wurde das Bestandsgeb\u00e4ude generalsaniert und um einen dreigeschossigen Geb\u00e4udekomplex erg\u00e4nzt. Der Neubau beherbergt eine Kindertagesst\u00e4tte, w\u00e4hrend die sanierte Halle Raum f\u00fcr ein Lehrschwimmbad, eine Veranstaltungs- und eine Sporthalle bietet. F\u00fcr die rund 1500 m\u00b2 gro\u00dfen Au\u00dfenfl\u00e4chen w\u00e4hlten die Planer ein versickerungsf\u00e4higes Betonsteinpflaster. &#8222;Obwohl ein Gro\u00dfteil der Fl\u00e4chen in die angrenzenden flachen Gr\u00fcnfl\u00e4chen entw\u00e4ssert, haben wir uns ein versickerungsf\u00e4higes Betonsteinpflaster gew\u00fcnscht \u2013 idealerweise eines regionalen Herstellers&#8220;, erkl\u00e4rt Anette Striegel vom Ingenieurb\u00fcro KMB Plan|Werk|Stadt aus Ludwigsburg.<\/p>\n<p> Die Entscheidung fiel auf das Stuttgarter Sickerpflaster vom ortsans\u00e4ssigen Betonwerk Adolf Blatt. Das System wurde in den Formaten 30 x 20 und 20 x 20 cm eingebaut. Laut Hersteller versickern die anfallenden Niederschl\u00e4ge unmittelbar durch den aus haufwerksporigem Beton gefertigten Stein.<\/p>\n<p>Das Pflaster erf\u00fcllt nach Unternehmensaussage die geforderten Werte f\u00fcr Wasserdurchl\u00e4ssigkeit von mindestens 540 Litern pro Sekunde und Hektar. Dies entspreche dem doppelten Bemessungsregen, wodurch auch bei st\u00e4rkeren Regenereignissen kaum Oberfl\u00e4chenabfl\u00fcsse zu erwarten seien.<\/p>\n<p>&#8222;Das Wasser versickert in die darunter liegende Tragschicht&#8220;, so Striegel. Ein weiterer Vorteil ergebe sich aus der geringen Fugenbreite des Steinsystems. Anders als bei anderen versickerungsf\u00e4higen Systemen wird der Stuttgarter Sickerstein mit einer normalen Fugenbreite von 3 bis 5 mm verlegt, was laut Planerin zu einer Minimierung des Wildkr\u00e4uteranwuchses f\u00fchrt.<\/p>\n<p>Gestalterisch wurde das Pflaster auf die Geb\u00e4udearchitektur abgestimmt. Da das Geb\u00e4ude komplett mit Cortenstahl verkleidet ist, sollte das Pflaster auf die rostrote Fassade abgestimmt werden. Die Fl\u00e4chen unmittelbar rund um das Geb\u00e4ude wurden daher in dem anthrazit-rostrot changierenden Farbton Sonora eingebaut. F\u00fcr die zentrale Wegeachse kam der Stuttgarter Sickerstein in schlichtem Grau zum Einsatz. Die Gemeindehalle wurde im September 2024 mit einem Gru\u00dfwort von Landesentwicklungsministerin Nicole Razavi er\u00f6ffnet. Das Projekt gilt als Beispiel f\u00fcr nachhaltiges Bauen im kommunalen Raum.<\/p>\n<p>Weitere Artikel zum Thema<strong>Wenn Ihnen dieser Artikel gefallen hat, lassen Sie sich doch zum Thema auf dem Laufenden halten<\/strong><\/p>\n<ul>\n<li>Themen Newsletter <strong>Bodenbel\u00e4ge<\/strong>\u00a0<a title=\"Hier zur Bodenbel\u00e4ge Newsletter Anmeldung \" href=\"https:\/\/allgemeinebauzeitung.de\/service\/newsletter\/abz-themen-newsletter\/abz-thema\/seite?tx_pvnews_pi1%5Bnl%5D=ut-251&amp;cHash=07150069ff144793d17c0be6a9520230\" rel=\"nofollow noopener\" target=\"_blank\">bestellen <\/a><\/li>\n<li>Themen Newsletter <strong>Pflasterverlegung<\/strong>\u00a0<a title=\"Hier zur Pflasterverlegung Newsletter Anmeldung \" href=\"https:\/\/allgemeinebauzeitung.de\/service\/newsletter\/abz-themen-newsletter\/abz-thema\/seite?tx_pvnews_pi1%5Bnl%5D=ut-155&amp;cHash=81f9aa92ac9e32c4d51da1f013cbb8ca\" rel=\"nofollow noopener\" target=\"_blank\">bestellen <\/a><\/li>\n<li>Themen Newsletter <strong>Wassermanagement<\/strong>\u00a0<a title=\"Hier zur Wassermanagement Newsletter Anmeldung \" href=\"https:\/\/allgemeinebauzeitung.de\/service\/newsletter\/abz-themen-newsletter\/abz-thema\/seite?tx_pvnews_pi1%5Bnl%5D=st-2429&amp;cHash=cf0116677a9aff7d4cf16f9e8c613d4c\" rel=\"nofollow noopener\" target=\"_blank\">bestellen <\/a><\/li>\n<li>Unternehmens Presseverteiler <strong>Adolf Blatt GmbH + Co. KG<\/strong>\u00a0<a title=\"Hier zur Adolf Blatt GmbH + Co. KG Newsletter Anmeldung \" href=\"https:\/\/allgemeinebauzeitung.de\/service\/newsletter\/abz-presseverteiler\/abz-thema\/seite?tx_pvnews_pi1%5Bnl%5D=2586&amp;cHash=a018ea16aeaec3e44d6f006e60ca0f38\" rel=\"nofollow noopener\" target=\"_blank\">bestellen <\/a><\/li>\n<\/ul>\n","protected":false},"excerpt":{"rendered":"Die Offenporigkeit ist dem wasserdurchl\u00e4ssigen Stuttgarter Sickerstein nicht anzusehen. Foto: Adolf Blatt Die gut 6000 Einwohner z\u00e4hlende Gemeinde&hellip;\n","protected":false},"author":2,"featured_media":422064,"comment_status":"","ping_status":"","sticky":false,"template":"","format":"standard","meta":{"footnotes":""},"categories":[1860],"tags":[110765,110763,3364,29,548,663,3934,30,4062,17332,13,14,15,110764,17331,860,12,80083],"class_list":{"0":"post-422063","1":"post","2":"type-post","3":"status-publish","4":"format-standard","5":"has-post-thumbnail","7":"category-halle-saale","8":"tag-adolf-blatt-gmbh-co-kg","9":"tag-bodenbelaege","10":"tag-de","11":"tag-deutschland","12":"tag-eu","13":"tag-europa","14":"tag-europe","15":"tag-germany","16":"tag-halle","17":"tag-halle-saale","18":"tag-headlines","19":"tag-nachrichten","20":"tag-news","21":"tag-pflasterverlegung","22":"tag-saale","23":"tag-sachsen-anhalt","24":"tag-schlagzeilen","25":"tag-wassermanagement"},"share_on_mastodon":{"url":"https:\/\/pubeurope.com\/@de\/115202662535964861","error":""},"_links":{"self":[{"href":"https:\/\/www.europesays.com\/de\/wp-json\/wp\/v2\/posts\/422063","targetHints":{"allow":["GET"]}}],"collection":[{"href":"https:\/\/www.europesays.com\/de\/wp-json\/wp\/v2\/posts"}],"about":[{"href":"https:\/\/www.europesays.com\/de\/wp-json\/wp\/v2\/types\/post"}],"author":[{"embeddable":true,"href":"https:\/\/www.europesays.com\/de\/wp-json\/wp\/v2\/users\/2"}],"replies":[{"embeddable":true,"href":"https:\/\/www.europesays.com\/de\/wp-json\/wp\/v2\/comments?post=422063"}],"version-history":[{"count":0,"href":"https:\/\/www.europesays.com\/de\/wp-json\/wp\/v2\/posts\/422063\/revisions"}],"wp:featuredmedia":[{"embeddable":true,"href":"https:\/\/www.europesays.com\/de\/wp-json\/wp\/v2\/media\/422064"}],"wp:attachment":[{"href":"https:\/\/www.europesays.com\/de\/wp-json\/wp\/v2\/media?parent=422063"}],"wp:term":[{"taxonomy":"category","embeddable":true,"href":"https:\/\/www.europesays.com\/de\/wp-json\/wp\/v2\/categories?post=422063"},{"taxonomy":"post_tag","embeddable":true,"href":"https:\/\/www.europesays.com\/de\/wp-json\/wp\/v2\/tags?post=422063"}],"curies":[{"name":"wp","href":"https:\/\/api.w.org\/{rel}","templated":true}]}}