{"id":422416,"date":"2025-09-14T15:47:12","date_gmt":"2025-09-14T15:47:12","guid":{"rendered":"https:\/\/www.europesays.com\/de\/422416\/"},"modified":"2025-09-14T15:47:12","modified_gmt":"2025-09-14T15:47:12","slug":"einbruch-in-briefwahlzentrum-fuer-kommunalwahl","status":"publish","type":"post","link":"https:\/\/www.europesays.com\/de\/422416\/","title":{"rendered":"Einbruch in Briefwahlzentrum f\u00fcr Kommunalwahl"},"content":{"rendered":"<p>Kommunalwahl in NRW <\/p>\n<p>Einbruch in Briefwahlzentrum in Duisburg<\/p>\n<p>14.09.2025 &#8211; 17:40 UhrLesedauer: 1 Min.<\/p>\n<p><a href=\"#focus-0\" class=\"transition-colors duration-200 block text-current relative\" data-sctrack=\"FocusGalleryImage.Reference\"><img fetchpriority=\"high\" data-testid=\"Opener.Image\" style=\"--lqipURL:url('https:\/\/images.t-online.de\/2025\/09\/qvRQ1IDJ67G8\/0x90:2048x1152\/fit-in\/150x0\/filters:blur(25)\/image.jpg')\"   loading=\"eager\" src=\"https:\/\/www.europesays.com\/de\/wp-content\/uploads\/2025\/09\/1757864832_872_image.jpg\" alt=\"urn:newsml:dpa.com:20090101:250913-935-828359\" title=\"urn:newsml:dpa.com:20090101:250913-935-828359\" width=\"2048\" height=\"1152\" class=\"bg-[url:var(--lqipURL)] bg-cover bg-center flex h-full w-full max-w-full\" decoding=\"async\"\/><img style=\"--width:32;--height:32\" loading=\"lazy\" src=\"https:\/\/www.t-online.de\/s\/paper\/_next\/static\/media\/zoom-in.f7dae02f.svg\" alt=\"Vergr\u00f6\u00dfern des Bildes\" title=\"Vergr\u00f6\u00dfern des Bildes\" class=\"block h-[calc(var(--height)_\/_16_*_1rem)] w-[calc(var(--width)_\/_16_*_1rem)] max-w-none absolute bottom-8 right-8 rounded-4 bg-snow p-8\" decoding=\"async\"\/><\/a><\/p>\n<p>Stimmzettel f\u00fcr die Briefwahl (Symbolbild): In eine Briefwahlzentrum in Duisburg wurde in der Nacht eingebrochen. (Quelle: Friso Gentsch)<\/p>\n<p class=\"font-bold text-18 leading-17\">In einer Grundschule in Duisburg sollten Wahlbriefe f\u00fcr die Kommunalwahl in NRW sicher verwahrt und ausgez\u00e4hlt werden. Jetzt ermittelt die Polizei wegen Einbruchs.<\/p>\n<p class=\"text-18 leading-17\">In <a class=\"transition-colors duration-200 cursor-pointer text-inherit no-underline text-salemsfur md:hover:text-magenta md:hover:border-magenta md:focus:text-magenta border-current border-b border-solid break-words\" href=\"https:\/\/www.t-online.de\/themen\/duisburg\/\" data-sctrack=\"BodyAnchor\" target=\"_blank\" rel=\"noopener\">Duisburg<\/a> wurde in der Nacht vor der Kommunalwahl in ein Briefwahlzentrum eingebrochen. Wie mehrere Medien \u00fcbereinstimmend berichten, habe die Polizei die Ermittlungen aufgenommen.<\/p>\n<p class=\"text-18 leading-17\">Der Einbruch soll in der Gesamtschule S\u00fcd stattgefunden haben, wohl durch ein eingetretenes Fenster. Im Gespr\u00e4ch mit der &#8222;Westdeutschen Allgemeinen Zeitung&#8220; (WAZ) gab Stadtsprecherin Gabi Priem bereits Entwarnung: &#8222;Es ist nichts verloren gegangen&#8220;. Die Wahlbriefe, die in der Schule ausgez\u00e4hlt werden, seien noch nicht vor Ort gewesen.<\/p>\n<p class=\"text-18 leading-17\">Vor allem in den gr\u00f6\u00dferen St\u00e4dten haben viele W\u00e4hlerinnen und W\u00e4hler ihre Kreuze schon vorab per Briefwahl gesetzt. In den letzten Tagen vor der Kommunalwahl war das Interesse an der Briefwahl noch einmal deutlich angezogen, wie eine <a class=\"transition-colors duration-200 cursor-pointer text-inherit no-underline text-salemsfur md:hover:text-magenta md:hover:border-magenta md:focus:text-magenta border-current border-b border-solid break-words\" href=\"https:\/\/www.t-online.de\/themen\/umfragen\/\" data-sctrack=\"BodyAnchor\" target=\"_blank\" rel=\"noopener\">Umfrage<\/a> der Deutschen Presse-Agentur ergab.<\/p>\n<p class=\"text-18 leading-17\">Mehr als ein Viertel der Wahlberechtigten in vielen gro\u00dfen St\u00e4dten hatte Briefwahl beantragt. Der Anteil war zumeist noch h\u00f6her als bei der Kommunalwahl 2020, die in die Zeit der Corona-Pandemie fiel.<\/p>\n","protected":false},"excerpt":{"rendered":"Kommunalwahl in NRW Einbruch in Briefwahlzentrum in Duisburg 14.09.2025 &#8211; 17:40 UhrLesedauer: 1 Min. Stimmzettel f\u00fcr die Briefwahl&hellip;\n","protected":false},"author":2,"featured_media":422417,"comment_status":"","ping_status":"","sticky":false,"template":"","format":"standard","meta":{"footnotes":""},"categories":[1838],"tags":[5871,326,11695,110821,3364,29,3715,2819,110822,30,10917,1209,121,966,34257,97579,34498],"class_list":{"0":"post-422416","1":"post","2":"type-post","3":"status-publish","4":"format-standard","5":"has-post-thumbnail","7":"category-duisburg","8":"tag-grundschule","9":"tag-326","10":"tag-briefwahl","11":"tag-briefwahlzentrum","12":"tag-de","13":"tag-deutschland","14":"tag-duisburg","15":"tag-einbruch","16":"tag-gabi-priem","17":"tag-germany","18":"tag-kommunalwahl","19":"tag-nordrhein-westfalen","20":"tag-polizei","21":"tag-schule","22":"tag-stimmzettel","23":"tag-wahlbrief","24":"tag-waz"},"share_on_mastodon":{"url":"https:\/\/pubeurope.com\/@de\/115203437228623541","error":""},"_links":{"self":[{"href":"https:\/\/www.europesays.com\/de\/wp-json\/wp\/v2\/posts\/422416","targetHints":{"allow":["GET"]}}],"collection":[{"href":"https:\/\/www.europesays.com\/de\/wp-json\/wp\/v2\/posts"}],"about":[{"href":"https:\/\/www.europesays.com\/de\/wp-json\/wp\/v2\/types\/post"}],"author":[{"embeddable":true,"href":"https:\/\/www.europesays.com\/de\/wp-json\/wp\/v2\/users\/2"}],"replies":[{"embeddable":true,"href":"https:\/\/www.europesays.com\/de\/wp-json\/wp\/v2\/comments?post=422416"}],"version-history":[{"count":0,"href":"https:\/\/www.europesays.com\/de\/wp-json\/wp\/v2\/posts\/422416\/revisions"}],"wp:featuredmedia":[{"embeddable":true,"href":"https:\/\/www.europesays.com\/de\/wp-json\/wp\/v2\/media\/422417"}],"wp:attachment":[{"href":"https:\/\/www.europesays.com\/de\/wp-json\/wp\/v2\/media?parent=422416"}],"wp:term":[{"taxonomy":"category","embeddable":true,"href":"https:\/\/www.europesays.com\/de\/wp-json\/wp\/v2\/categories?post=422416"},{"taxonomy":"post_tag","embeddable":true,"href":"https:\/\/www.europesays.com\/de\/wp-json\/wp\/v2\/tags?post=422416"}],"curies":[{"name":"wp","href":"https:\/\/api.w.org\/{rel}","templated":true}]}}