{"id":422429,"date":"2025-09-14T15:56:10","date_gmt":"2025-09-14T15:56:10","guid":{"rendered":"https:\/\/www.europesays.com\/de\/422429\/"},"modified":"2025-09-14T15:56:10","modified_gmt":"2025-09-14T15:56:10","slug":"niedersachsen-bremen-drei-schwerverletzte-bei-unfall-in-werdum","status":"publish","type":"post","link":"https:\/\/www.europesays.com\/de\/422429\/","title":{"rendered":"Niedersachsen &#038; Bremen: Drei Schwerverletzte bei Unfall in Werdum"},"content":{"rendered":"<p>                    Niedersachsen &amp; Bremen<br \/>\n                Drei Schwerverletzte bei Unfall in Werdum<\/p>\n<p>\t\t\t\t              14.09.2025, 17:48 Uhr<\/p>\n<p><strong>Ein Trecker im Graben und ein Rettungshubschrauber im Einsatz: Bei einem heftigen Crash erleiden drei Menschen schwere Verletzungen.<\/strong><\/p>\n<p>Werdum (dpa\/lni) &#8211; Bei einem Verkehrsunfall in Werdum (Landkreis Wittmund) sind drei Menschen schwer verletzt worden. Ein Auto und ein Trecker kollidierten, wie die Polizei mitteilte.\u00a0<\/p>\n<p>Nach ersten Erkenntnissen war der Traktor in Richtung Werdum unterwegs, als das entgegenkommende Auto aus bislang ungekl\u00e4rten Gr\u00fcnden auf die Gegenfahrbahn geriet. Der Trecker wurde durch den Aufprall in einen Graben gesto\u00dfen, der Wagen blieb auf der Stra\u00dfe stehen.<\/p>\n<p>Der Treckerfahrer habe dabei so schwere Verletzungen erlitten, dass er m\u00f6glicherweise ein Bein verliere, sagte ein Polizeisprecher. Auch die beiden Insassen des Autos, ein \u00e4lteres Urlauberpaar, wurden schwer verletzt. Ein Rettungshubschrauber war im Einsatz.<\/p>\n","protected":false},"excerpt":{"rendered":"Niedersachsen &amp; Bremen Drei Schwerverletzte bei Unfall in Werdum 14.09.2025, 17:48 Uhr Ein Trecker im Graben und ein&hellip;\n","protected":false},"author":2,"featured_media":422430,"comment_status":"","ping_status":"","sticky":false,"template":"","format":"standard","meta":{"footnotes":""},"categories":[1824],"tags":[2420,3364,29,8699,30,1411,9960,1284,110823],"class_list":{"0":"post-422429","1":"post","2":"type-post","3":"status-publish","4":"format-standard","5":"has-post-thumbnail","7":"category-bremen","8":"tag-bremen","9":"tag-de","10":"tag-deutschland","11":"tag-drei","12":"tag-germany","13":"tag-niedersachsen","14":"tag-schwerverletzte","15":"tag-unfall","16":"tag-werdum"},"share_on_mastodon":{"url":"https:\/\/pubeurope.com\/@de\/115203472401569253","error":""},"_links":{"self":[{"href":"https:\/\/www.europesays.com\/de\/wp-json\/wp\/v2\/posts\/422429","targetHints":{"allow":["GET"]}}],"collection":[{"href":"https:\/\/www.europesays.com\/de\/wp-json\/wp\/v2\/posts"}],"about":[{"href":"https:\/\/www.europesays.com\/de\/wp-json\/wp\/v2\/types\/post"}],"author":[{"embeddable":true,"href":"https:\/\/www.europesays.com\/de\/wp-json\/wp\/v2\/users\/2"}],"replies":[{"embeddable":true,"href":"https:\/\/www.europesays.com\/de\/wp-json\/wp\/v2\/comments?post=422429"}],"version-history":[{"count":0,"href":"https:\/\/www.europesays.com\/de\/wp-json\/wp\/v2\/posts\/422429\/revisions"}],"wp:featuredmedia":[{"embeddable":true,"href":"https:\/\/www.europesays.com\/de\/wp-json\/wp\/v2\/media\/422430"}],"wp:attachment":[{"href":"https:\/\/www.europesays.com\/de\/wp-json\/wp\/v2\/media?parent=422429"}],"wp:term":[{"taxonomy":"category","embeddable":true,"href":"https:\/\/www.europesays.com\/de\/wp-json\/wp\/v2\/categories?post=422429"},{"taxonomy":"post_tag","embeddable":true,"href":"https:\/\/www.europesays.com\/de\/wp-json\/wp\/v2\/tags?post=422429"}],"curies":[{"name":"wp","href":"https:\/\/api.w.org\/{rel}","templated":true}]}}