{"id":422443,"date":"2025-09-14T16:03:18","date_gmt":"2025-09-14T16:03:18","guid":{"rendered":"https:\/\/www.europesays.com\/de\/422443\/"},"modified":"2025-09-14T16:03:18","modified_gmt":"2025-09-14T16:03:18","slug":"thw-nrw-rettung-von-menschen-und-kulturguetern-drittes-uebungswochenende-des-thw-in-nrw","status":"publish","type":"post","link":"https:\/\/www.europesays.com\/de\/422443\/","title":{"rendered":"THW NRW: Rettung von Menschen und Kulturg\u00fctern &#8211; Drittes \u00dcbungswochenende des THW in NRW"},"content":{"rendered":"<p class=\"date\">14.09.2025 \u2013 14:09<\/p>\n<p class=\"customer\">\n                        <a class=\"story-customer\" title=\"weiter zum newsroom von Bundesanstalt Technisches Hilfswerk - Landesverbandsdienststelle Nordrhein-Westfalen\" href=\"https:\/\/www.presseportal.de\/blaulicht\/nr\/179236\" rel=\"nofollow noopener\" target=\"_blank\">Bundesanstalt Technisches Hilfswerk &#8211; Landesverbandsdienststelle Nordrhein-Westfalen<\/a>\n                    <\/p>\n<p><a class=\"glightbox-pseudo event-trigger\" href=\"https:\/\/cache.pressmailing.net\/thumbnail\/story_hires\/f184615b-a306-40b6-a446-0d706986eebb\/20250913_4._WE_Niklas_Wimbert_C1-20.jpg.jpg\" data-description=\"Bild: THW\/ Niklas Wimbert (OV Kamen-Bergkamen)\" data-category=\"medialightbox\" data-action=\"click\" data-label=\"single\" data-value=\"68c6b09b270000fd2c749bb4\" rel=\"nofollow noopener\" target=\"_blank\"><img decoding=\"async\" height=\"540\" with=\"720\" src=\"https:\/\/www.europesays.com\/de\/wp-content\/uploads\/2025\/09\/thw-nrw-rettung-von-menschen-und-kulturg-tern-drittes-bungswochenende-des-thw-in-nrw.jpeg\"   alt=\"THW NRW: Rettung von Menschen und Kulturg\u00fctern - Drittes \u00dcbungswochenende des THW in NRW\" class=\"single\"\/><\/a><\/p>\n<p><a data-category=\"citylink-story-view\" data-action=\"click\" data-label=\"Citylink in Meldungsansicht\" class=\"story-city event-trigger\" href=\"https:\/\/www.presseportal.de\/regional\/Hilden\" title=\"News aus Hilden \" rel=\"nofollow noopener\" target=\"_blank\">Hilden<\/a> (ots)<\/p>\n<p>Hilden\/ M\u00f6nchengladbach. Das dritte von insgesamt vier \u00dcbungswochenenden stand ganz im Zeichen des Schutzes von Bev\u00f6lkerung und Kulturg\u00fctern im Rahmen der THW-Gro\u00df\u00fcbung F\u00dcLEX25 in M\u00f6nchengladbach. 37 Technische Z\u00fcge trainierten die Zusammenarbeit im Ernstfall. Mit dem Notfallverbund K\u00f6lner Archive und Bibliotheken nahm dabei ein Partner teil, der es sich zur Aufgabe gemacht hat, im Havariefall Kulturgut zu sch\u00fctzen. Insgesamt waren rund 1.400 Einsatzkr\u00e4fte in die unterschiedlichen Szenarien eingebunden.<\/p>\n<p>Oben auf der Agenda f\u00fcr diese \u00dcbungstage: das Thema &#8222;Zivilschutz&#8220;. Dabei stand die Rettung von Personen aus verschiedenen Bedrohungs- und Schadenslagen im Fokus. In Zusammenarbeit mit dem Notfallverbund K\u00f6lner Archive und Bibliotheken wurde zudem die Bergung von Kulturg\u00fctern nach einer Explosion ge\u00fcbt. &#8222;Zivilschutz schlie\u00dft den Schutz von unikalem und unersetzbarem Kulturgut ein. Kulturgutschutz ist ein unverzichtbarer Teil des Zivilschutzes. Diese \u00dcbung sch\u00e4rft die Sinne aller Beteiligten f\u00fcr die Notwendigkeit, alles f\u00fcr die Bewahrung und f\u00fcr den Schutz von Kulturgut zu tun. Gleichzeitig stellt sie sicher, dass alle Akteure kooperations- und sprachf\u00e4hig sind und bleiben&#8220;, unterstrich Nadine Thiel vom Notfallverbund den besonderen Wert dieser \u00dcbung und machte deutlich, &#8222;[&#8230;]dass mit dem Verlust von Kulturgut Identit\u00e4t unwiederbringlich verloren geht und damit auch die M\u00f6glichkeit, sich zu orientieren, Heimat zu empfinden, Bindung aufzubauen und nicht zuletzt: Aus der Vergangenheit zu lernen.&#8220;<\/p>\n<p>F\u00fcr eine besonders realistische Darstellung der Szenarien sorgten Helferinnen und Helfer der Fachgruppe Sprengen. Sie stellten akustisch Explosionen nach. Verletztendarstellende, die durch den Arbeiter Samariter Bund (ASB) und des Jugendrotkreuz (JRK) gespielt wurden, verliehen der \u00dcbung zus\u00e4tzliche Realit\u00e4tsn\u00e4he.<br \/>\nGefordert waren allen voran die Bergungsgruppen, \u00fcber die jeder Ortsverband als Basiskomponente verf\u00fcgt. Die Bergungsgruppen agieren stets in Kombination mit einem Zugtrupp, der im Einsatz die F\u00fchrung der Kr\u00e4fte koordiniert. Ebenfalls zur Grundausstattung fast aller Ortsverb\u00e4nde geh\u00f6rt die Fachgruppe Notversorgung und Notinstandsetzung. Gemeinsam bilden diese drei Teileinheiten einen Technischen Zug. Eingesetzt wurden zudem die Fachgruppen Schwere Bergung und Sprengen. Der von der Bundespolizei betriebene Kontrollpunkt trug zu einer realistischen \u00dcbungssituation bei.<\/p>\n<p>F\u00fcr das Wohl der \u00dcbungsteilnehmenden sorgten Logistikeinheiten aus den Bereichen Versorgung und Materialwirtschaft. Neben der Zubereitung von Mahlzeiten war ihr \u00dcbungsteil die Sicherstellung der Versorgung der Einheiten mit Verbrauchsg\u00fctern sowie die Reparatur und das Verladen von Fahrzeugen.<br \/>\nEher im Hintergrund agierten zudem die Spezialistinnen und Spezialisten aus dem Bereich F\u00fchrung und Kommunikation. Sie unterst\u00fctzen die \u00dcbungsleitung bei der Steuerung und Koordinierung der F\u00dcLEX25.<\/p>\n<p>&#8222;Es ist beeindruckend zu sehen, mit welcher Professionalit\u00e4t, Pr\u00e4zision und Ernsthaftigkeit die THW-Einsatzkr\u00e4fte die Szenarien angehen&#8220;, sagte der THW-Landesbeauftragte f\u00fcr Nordrhein-Westfalen, Nicolas Hefner. &#8222;An diesem Wochenende stand wieder einmal die gemeinsame St\u00e4rke im Vordergrund. So signalisieren wir, dass wir der Bev\u00f6lkerung bei der Bew\u00e4ltigung von Katastrophen und im Zivilschutzfall zuverl\u00e4ssig zur Seite stehen.&#8220;<\/p>\n<p>Am kommenden Wochenende wiederholt sich dieser \u00dcbungsteil mit rund 1000 weiteren Einsatzkr\u00e4ften. Hinzu kommt die Einheit Bergungstauchen.<\/p>\n<p>Weitere Informationen finden Sie auf der Seite <a target=\"_blank\" class=\"uri-ext outbound\" rel=\"noopener nofollow\" href=\"https:\/\/story.thw.de\/fuelex2025\">https:\/\/story.thw.de\/fuelex2025<\/a>.<\/p>\n<p class=\"contact-headline\">R\u00fcckfragen bitte an:<\/p>\n<p class=\"contact-text\">Bundesanstalt Technisches Hilfswerk &#8211; Landesverbandsdienststelle <br \/>Nordrhein-Westfalen<br \/>Anna Wachowski<br \/>Telefon: +49 2103-7910-421<br \/>E-Mail: <a href=\"https:\/\/www.presseportal.de\/blaulicht\/pm\/179236\/mailto: presse.lvnw@thw.de\" class=\"uri-mailto\" rel=\"nofollow noopener\" target=\"_blank\"> presse.lvnw@thw.de<\/a><\/p>\n<p class=\"originator\">Original-Content von: Bundesanstalt Technisches Hilfswerk &#8211; Landesverbandsdienststelle Nordrhein-Westfalen, \u00fcbermittelt durch news aktuell<\/p>\n","protected":false},"excerpt":{"rendered":"14.09.2025 \u2013 14:09 Bundesanstalt Technisches Hilfswerk &#8211; Landesverbandsdienststelle Nordrhein-Westfalen Hilden (ots) Hilden\/ M\u00f6nchengladbach. Das dritte von insgesamt vier&hellip;\n","protected":false},"author":2,"featured_media":422444,"comment_status":"","ping_status":"","sticky":false,"template":"","format":"standard","meta":{"footnotes":""},"categories":[1831],"tags":[3364,29,3405,5393,22,30,5669,7335,5668,2776,1209,176,178,180,179,181,1458,194,11131,6470,1284,4028],"class_list":{"0":"post-422443","1":"post","2":"type-post","3":"status-publish","4":"format-standard","5":"has-post-thumbnail","7":"category-duesseldorf","8":"tag-de","9":"tag-deutschland","10":"tag-duesseldorf","11":"tag-ehrenamt","12":"tag-erdbeben","13":"tag-germany","14":"tag-hochwasser","15":"tag-katastrophe","16":"tag-katastrophenschutz","17":"tag-logistik","18":"tag-nordrhein-westfalen","19":"tag-nrw","20":"tag-presse","21":"tag-pressemeldung","22":"tag-pressemitteilung","23":"tag-pressemitteilungen","24":"tag-soziales","25":"tag-technik","26":"tag-technische-hilfeleistung","27":"tag-umweltverschmutzung","28":"tag-unfall","29":"tag-unwetter"},"share_on_mastodon":{"url":"https:\/\/pubeurope.com\/@de\/115203499980801523","error":""},"_links":{"self":[{"href":"https:\/\/www.europesays.com\/de\/wp-json\/wp\/v2\/posts\/422443","targetHints":{"allow":["GET"]}}],"collection":[{"href":"https:\/\/www.europesays.com\/de\/wp-json\/wp\/v2\/posts"}],"about":[{"href":"https:\/\/www.europesays.com\/de\/wp-json\/wp\/v2\/types\/post"}],"author":[{"embeddable":true,"href":"https:\/\/www.europesays.com\/de\/wp-json\/wp\/v2\/users\/2"}],"replies":[{"embeddable":true,"href":"https:\/\/www.europesays.com\/de\/wp-json\/wp\/v2\/comments?post=422443"}],"version-history":[{"count":0,"href":"https:\/\/www.europesays.com\/de\/wp-json\/wp\/v2\/posts\/422443\/revisions"}],"wp:featuredmedia":[{"embeddable":true,"href":"https:\/\/www.europesays.com\/de\/wp-json\/wp\/v2\/media\/422444"}],"wp:attachment":[{"href":"https:\/\/www.europesays.com\/de\/wp-json\/wp\/v2\/media?parent=422443"}],"wp:term":[{"taxonomy":"category","embeddable":true,"href":"https:\/\/www.europesays.com\/de\/wp-json\/wp\/v2\/categories?post=422443"},{"taxonomy":"post_tag","embeddable":true,"href":"https:\/\/www.europesays.com\/de\/wp-json\/wp\/v2\/tags?post=422443"}],"curies":[{"name":"wp","href":"https:\/\/api.w.org\/{rel}","templated":true}]}}