{"id":422478,"date":"2025-09-14T16:23:13","date_gmt":"2025-09-14T16:23:13","guid":{"rendered":"https:\/\/www.europesays.com\/de\/422478\/"},"modified":"2025-09-14T16:23:13","modified_gmt":"2025-09-14T16:23:13","slug":"kloeble-liest-neuen-roman","status":"publish","type":"post","link":"https:\/\/www.europesays.com\/de\/422478\/","title":{"rendered":"Kloeble liest neuen Roman"},"content":{"rendered":"<p class=\"paragraph --regular --color\" data-v-a4a747d8=\"\" data-v-0c32301e=\"\">Bodenheim. Christopher Kloeble liest am Mittwoch, 17. September, aus seinem neuen Roman \u201eDurch das Raue zu den Sternen\u201c im Buchladen Ruthmann, Wormser Stra\u00dfe 13, in Bodenheim vor. Die Geschichte handelt von der 13-j\u00e4hrigen Arkadia Fink, einer musikalisch talentierten Au\u00dfenseiterin. Ihre Mutter ist verschwunden. Arkadia hofft, in einem weltber\u00fchmten Knabenchor aufgenommen zu werden, um die R\u00fcckkehr der Mutter zu bewirken. Der Eintritt kostet 16 Euro. Kartenreservierung unter 06135-6343 oder \u00fcber <a rel=\"default noopener\" href=\"https:\/\/www.buchladen-ruthmann.de\/\" target=\"_blank\" data-test-id=\"dnm-link-anchor-tag\">www.buchladen-ruthmann.de<\/a>. <\/p>\n","protected":false},"excerpt":{"rendered":"Bodenheim. Christopher Kloeble liest am Mittwoch, 17. September, aus seinem neuen Roman \u201eDurch das Raue zu den Sternen\u201c&hellip;\n","protected":false},"author":2,"featured_media":49867,"comment_status":"","ping_status":"","sticky":false,"template":"","format":"standard","meta":{"footnotes":""},"categories":[1774],"tags":[5650,5651,5652,5654,1784,1785,5655,29,214,30,5660,5656,5653,5657,1427,14,5659,5658,5661,215,4544,5662],"class_list":{"0":"post-422478","1":"post","2":"type-post","3":"status-publish","4":"format-standard","5":"has-post-thumbnail","7":"category-buecher","8":"tag-alzey","9":"tag-bad-kreuznach","10":"tag-bad-sobernheim","11":"tag-bingen","12":"tag-books","13":"tag-buecher","14":"tag-buerstadt","15":"tag-deutschland","16":"tag-entertainment","17":"tag-germany","18":"tag-guntersblum","19":"tag-ingelheim","20":"tag-kirn","21":"tag-lampertheim","22":"tag-mainz","23":"tag-nachrichten","24":"tag-nierstein","25":"tag-oppenheim","26":"tag-ruesselsheim","27":"tag-unterhaltung","28":"tag-wiesbaden","29":"tag-worms"},"share_on_mastodon":{"url":"https:\/\/pubeurope.com\/@de\/115203578840064809","error":""},"_links":{"self":[{"href":"https:\/\/www.europesays.com\/de\/wp-json\/wp\/v2\/posts\/422478","targetHints":{"allow":["GET"]}}],"collection":[{"href":"https:\/\/www.europesays.com\/de\/wp-json\/wp\/v2\/posts"}],"about":[{"href":"https:\/\/www.europesays.com\/de\/wp-json\/wp\/v2\/types\/post"}],"author":[{"embeddable":true,"href":"https:\/\/www.europesays.com\/de\/wp-json\/wp\/v2\/users\/2"}],"replies":[{"embeddable":true,"href":"https:\/\/www.europesays.com\/de\/wp-json\/wp\/v2\/comments?post=422478"}],"version-history":[{"count":0,"href":"https:\/\/www.europesays.com\/de\/wp-json\/wp\/v2\/posts\/422478\/revisions"}],"wp:featuredmedia":[{"embeddable":true,"href":"https:\/\/www.europesays.com\/de\/wp-json\/wp\/v2\/media\/49867"}],"wp:attachment":[{"href":"https:\/\/www.europesays.com\/de\/wp-json\/wp\/v2\/media?parent=422478"}],"wp:term":[{"taxonomy":"category","embeddable":true,"href":"https:\/\/www.europesays.com\/de\/wp-json\/wp\/v2\/categories?post=422478"},{"taxonomy":"post_tag","embeddable":true,"href":"https:\/\/www.europesays.com\/de\/wp-json\/wp\/v2\/tags?post=422478"}],"curies":[{"name":"wp","href":"https:\/\/api.w.org\/{rel}","templated":true}]}}