{"id":422551,"date":"2025-09-14T17:03:15","date_gmt":"2025-09-14T17:03:15","guid":{"rendered":"https:\/\/www.europesays.com\/de\/422551\/"},"modified":"2025-09-14T17:03:15","modified_gmt":"2025-09-14T17:03:15","slug":"gruener-eu-abgeordneter-regt-debatte-ueber-kanadas-eu-beitritt-an","status":"publish","type":"post","link":"https:\/\/www.europesays.com\/de\/422551\/","title":{"rendered":"Gr\u00fcner EU-Abgeordneter regt Debatte \u00fcber Kanadas EU-Beitritt an"},"content":{"rendered":"<p><strong>Ein Gr\u00fcnen-Europaabgeordneter fordert eine Debatte \u00fcber \u201eneue Allianzen\u201c in der westlichen Welt. Er mahnt, die Welt kippe, wenn der sogenannte Westen nicht an einem Strang ziehe, und pl\u00e4diert daf\u00fcr, Macht einzusetzen, um gemeinsame Werte zu f\u00f6rdern.<\/strong><\/p>\n<p>Debatte \u00fcber neue Ausrichtung des Westens<\/p>\n<p>Der Gr\u00fcnen-Europaabgeordnete <strong>Sergey Lagodinsky<\/strong> sagte dem Sender ntv: \u201eDie Welt kippt, wenn wir im sogenannten Westen \u2013 in der Gemeinschaft der gemeinsamen demokratischen Werte \u2013 nicht an einem Strang ziehen\u201c, sagte er dem Sender ntv. \u201eDas ist die multipolare Welt, die Russland allen versprochen hat und die auch China m\u00f6chte.\u201c In Wirklichkeit sei das jedoch eine Welt, in der \u201eanything goes\u201c gelte. Es gebe keine Strukturen, sondern die einzige Struktur sei Macht. \u201eDas ist die Herausforderung f\u00fcr die Europ\u00e4er. Wir m\u00fcssen unsere Werte beibehalten, aber auch lernen, Macht einzusetzen, um sie zu f\u00f6rdern.\u201c<\/p>\n<p>Gedankenspiele \u00fcber \u201eneue Allianzen\u201c<\/p>\n<p>Lagodinsky h\u00e4lt es deshalb f\u00fcr an der Zeit, \u00fcber \u201eneue Allianzen\u201c nachzudenken. \u201eIch finde es gar nicht so abwegig, dar\u00fcber zu reden, ob Kanada tats\u00e4chlich der EU `beitritt`, auch wenn es sich vielleicht seltsam anh\u00f6rt\u201c, sagte er. Ob man mit Australien, das eigentlich im S\u00fcden liege, den neuen Westen zusammenbastele, oder mit S\u00fcdkorea und Japan als westliches B\u00fcndnis agiere, obwohl sie im Fernen Osten liegen. \u201eDer Westen ist in diesem Sinne ja nicht mehr geografisch definiert, sondern durch Werte\u201c, so der Gr\u00fcnen-Politiker.<\/p>\n<p>\u2728 <a href=\"https:\/\/www.hasepost.de\/ki\/\" rel=\"nofollow noopener\" target=\"_blank\">durch KI bearbeitet<\/a>, 14. September 2025 09:49.<\/p>\n","protected":false},"excerpt":{"rendered":"Ein Gr\u00fcnen-Europaabgeordneter fordert eine Debatte \u00fcber \u201eneue Allianzen\u201c in der westlichen Welt. Er mahnt, die Welt kippe, wenn&hellip;\n","protected":false},"author":2,"featured_media":422552,"comment_status":"","ping_status":"","sticky":false,"template":"","format":"standard","meta":{"footnotes":""},"categories":[3933],"tags":[331,332,548,663,158,3934,3935,13,14,15,12],"class_list":{"0":"post-422551","1":"post","2":"type-post","3":"status-publish","4":"format-standard","5":"has-post-thumbnail","7":"category-eu","8":"tag-aktuelle-nachrichten","9":"tag-aktuelle-news","10":"tag-eu","11":"tag-europa","12":"tag-europaeische-union","13":"tag-europe","14":"tag-european-union","15":"tag-headlines","16":"tag-nachrichten","17":"tag-news","18":"tag-schlagzeilen"},"share_on_mastodon":{"url":"https:\/\/pubeurope.com\/@de\/115203735923322241","error":""},"_links":{"self":[{"href":"https:\/\/www.europesays.com\/de\/wp-json\/wp\/v2\/posts\/422551","targetHints":{"allow":["GET"]}}],"collection":[{"href":"https:\/\/www.europesays.com\/de\/wp-json\/wp\/v2\/posts"}],"about":[{"href":"https:\/\/www.europesays.com\/de\/wp-json\/wp\/v2\/types\/post"}],"author":[{"embeddable":true,"href":"https:\/\/www.europesays.com\/de\/wp-json\/wp\/v2\/users\/2"}],"replies":[{"embeddable":true,"href":"https:\/\/www.europesays.com\/de\/wp-json\/wp\/v2\/comments?post=422551"}],"version-history":[{"count":0,"href":"https:\/\/www.europesays.com\/de\/wp-json\/wp\/v2\/posts\/422551\/revisions"}],"wp:featuredmedia":[{"embeddable":true,"href":"https:\/\/www.europesays.com\/de\/wp-json\/wp\/v2\/media\/422552"}],"wp:attachment":[{"href":"https:\/\/www.europesays.com\/de\/wp-json\/wp\/v2\/media?parent=422551"}],"wp:term":[{"taxonomy":"category","embeddable":true,"href":"https:\/\/www.europesays.com\/de\/wp-json\/wp\/v2\/categories?post=422551"},{"taxonomy":"post_tag","embeddable":true,"href":"https:\/\/www.europesays.com\/de\/wp-json\/wp\/v2\/tags?post=422551"}],"curies":[{"name":"wp","href":"https:\/\/api.w.org\/{rel}","templated":true}]}}