{"id":422570,"date":"2025-09-14T17:17:12","date_gmt":"2025-09-14T17:17:12","guid":{"rendered":"https:\/\/www.europesays.com\/de\/422570\/"},"modified":"2025-09-14T17:17:12","modified_gmt":"2025-09-14T17:17:12","slug":"last-minute-gegentor-bringt-dynamo-dresden-um-moeglichen-sieg-in-elversberg","status":"publish","type":"post","link":"https:\/\/www.europesays.com\/de\/422570\/","title":{"rendered":"Last-Minute-Gegentor bringt Dynamo Dresden um m\u00f6glichen Sieg in Elversberg"},"content":{"rendered":"<p class=\"text\">\nBei den Schwarz-Gelben durfte Last-Minute-Zugang Julian Pauli erstmals ran und dann gleich vom Start. F\u00fcr ihn nahm Lars B\u00fcnning auf der Bank Platz. Zudem ersetzte Luca Herrmann Jonas Oehmichen. Und die SGD hatte einen furiosen Start in die Partie.\n<\/p>\n<p>Drei Fehler f\u00fchren zu drei Toren<\/p>\n<p class=\"text\">\nNach einem Ballgewinn von Kofi Amoako am eigenen Strafraum leitete Niklas Hauptmann den Ball direkt auf Christoph Daferner weiter, der sich im 1-gegen-1 an der Mittellinie gegen Lukas Pinckert durchsetzte und dann abging. Der Dynamo-Angreifer gewann auch das anschlie\u00dfende Laufduell und traf aus 13 Metern zentral mit einem wuchtigen Schuss \u00fcber den gegnerischen Keeper hinweg ins Tor.\n<\/p>\n<p class=\"text\">\nDoch lange hielt die Freude nicht. Nach einem Fehler im Aufbauspiel musste Vinko Spaina ein Foul ziehen. Den anschlie\u00dfenden Freisto\u00df chippte der ehemalige Dresdner Tom Zimmerschied Richtung langen Pfosten, wo der v\u00f6llig ungedeckte Younes Ebnoutalib per Kopf traf. SGD-Keeper Schreiber war zwar noch mit den Fingern dran, doch der Ball trudelte \u00fcber den Innenpfosten ins Tor (9.).\n<\/p>\n<p class=\"text\">\nNach etwas Leerlauf \u00fcbernahm Elversberg schlie\u00dflich die Kontrolle, Dynamo konnte sich in dieser Phase bei Schreiber bedanken, der mehrere Chancen mit guten Paraden entsch\u00e4rfte. Und in diese Drangphase hinein, setzte Dresden den zweiten Stich. Diesmal war es Niklas Hauptmann, der einen Zuspielfehler des Gegners ausnutzte und Jakob Lemmer im Zentrum bediente, der aus acht Metern die Kugel humorlos unter den Querbalken zimmerte (39.).\n<\/p>\n<p>Einbahnstra\u00dfen-Fu\u00dfball nach dem Wechsel<\/p>\n<p class=\"text\">\nDer Start der zweiten Halbzeit glich der ersten: Dynamo st\u00f6rte das Elversberger Aufbauspiel sehr fr\u00fch und hatte die erste Chance des Durchgangs. Nach einer kurz ausgef\u00fchrten Ecke zog Hauptmann vom Strafraumeck ab, der Ball ging aber knapp \u00fcber den Kasten. Was zu diesem Zeitpunkt keiner ahnen konnte: Es sollte Dynamos letzte M\u00f6glichkeit in diesem Durchgang sein.\n<\/p>\n<p class=\"text\">\nStattdessen waren die Schwarz-Gelben die ganze Zeit in der Defensive gefordert und hatten ein ums andere Mal Gl\u00fcck, dass Elversberg nicht konsequent mit seinen M\u00f6glichkeiten umging. Dazu hatte die SGD Gl\u00fcck, dass Schreiber nach einem missgl\u00fcckten Dribbling den Ball zur\u00fcckerobern konnte.\n<\/p>\n<p class=\"text\">\nEs ging nur noch auf ein Tor und Dynamo hatte eigentlich keine echte Entlastung mehr, warf sich defensiv aber in jeden Ball. Dennoch war beinahe zu erwarten, dass noch etwas passieren musste &#8211; und es passierte. Zwei Minuten nach Ablauf der regul\u00e4ren Spielzeit konnte Ebnoutalib eine Hereingabe aus sechs Metern durch die Beine von Schreiber dr\u00fccken und sorgte damit f\u00fcr Frust bei Dresden.<\/p>\n","protected":false},"excerpt":{"rendered":"Bei den Schwarz-Gelben durfte Last-Minute-Zugang Julian Pauli erstmals ran und dann gleich vom Start. F\u00fcr ihn nahm Lars&hellip;\n","protected":false},"author":2,"featured_media":422571,"comment_status":"","ping_status":"","sticky":false,"template":"","format":"standard","meta":{"footnotes":""},"categories":[1835],"tags":[621,3364,29,2386,30,81,15426,859,11759,5405,3499,3498,110319,5079,8720,110318],"class_list":{"0":"post-422570","1":"post","2":"type-post","3":"status-publish","4":"format-standard","5":"has-post-thumbnail","7":"category-dresden","8":"tag-2-bundesliga","9":"tag-de","10":"tag-deutschland","11":"tag-dresden","12":"tag-germany","13":"tag-mdr","14":"tag-mdr-sport-im-osten","15":"tag-sachsen","16":"tag-sg-dynamo-dresden","17":"tag-sgd","18":"tag-spio","19":"tag-sport-im-osten","20":"tag-stadion-an-der-kaiserlinde","21":"tag-sv-elversberg","22":"tag-thomas-stamm","23":"tag-tom-zimmerschied"},"share_on_mastodon":{"url":"https:\/\/pubeurope.com\/@de\/115203791061520001","error":""},"_links":{"self":[{"href":"https:\/\/www.europesays.com\/de\/wp-json\/wp\/v2\/posts\/422570","targetHints":{"allow":["GET"]}}],"collection":[{"href":"https:\/\/www.europesays.com\/de\/wp-json\/wp\/v2\/posts"}],"about":[{"href":"https:\/\/www.europesays.com\/de\/wp-json\/wp\/v2\/types\/post"}],"author":[{"embeddable":true,"href":"https:\/\/www.europesays.com\/de\/wp-json\/wp\/v2\/users\/2"}],"replies":[{"embeddable":true,"href":"https:\/\/www.europesays.com\/de\/wp-json\/wp\/v2\/comments?post=422570"}],"version-history":[{"count":0,"href":"https:\/\/www.europesays.com\/de\/wp-json\/wp\/v2\/posts\/422570\/revisions"}],"wp:featuredmedia":[{"embeddable":true,"href":"https:\/\/www.europesays.com\/de\/wp-json\/wp\/v2\/media\/422571"}],"wp:attachment":[{"href":"https:\/\/www.europesays.com\/de\/wp-json\/wp\/v2\/media?parent=422570"}],"wp:term":[{"taxonomy":"category","embeddable":true,"href":"https:\/\/www.europesays.com\/de\/wp-json\/wp\/v2\/categories?post=422570"},{"taxonomy":"post_tag","embeddable":true,"href":"https:\/\/www.europesays.com\/de\/wp-json\/wp\/v2\/tags?post=422570"}],"curies":[{"name":"wp","href":"https:\/\/api.w.org\/{rel}","templated":true}]}}