{"id":422634,"date":"2025-09-14T17:53:12","date_gmt":"2025-09-14T17:53:12","guid":{"rendered":"https:\/\/www.europesays.com\/de\/422634\/"},"modified":"2025-09-14T17:53:12","modified_gmt":"2025-09-14T17:53:12","slug":"frustrierender-teufelskreis-krebskranke-patrice-aminati-offenbart-neue-metastasen","status":"publish","type":"post","link":"https:\/\/www.europesays.com\/de\/422634\/","title":{"rendered":"&#8222;Frustrierender Teufelskreis&#8220;: Krebskranke Patrice Aminati offenbart neue Metastasen"},"content":{"rendered":"<p>                    &#8222;Frustrierender Teufelskreis&#8220;<br \/>\n                Krebskranke Patrice Aminati offenbart neue Metastasen<\/p>\n<p>\t\t\t\t              14.09.2025, 17:12 Uhr<\/p>\n<p>\t\t\t\t\t       Artikel anh\u00f6ren<\/p>\n<p>\t\t\t\t\t\t\tDiese Audioversion wurde k\u00fcnstlich generiert. <a href=\"https:\/\/www.n-tv.de\/23249898\" target=\"_blank\" rel=\"noopener\">Mehr Infos<\/a><\/p>\n<p><strong>Patrice Aminati bekommt vor zwei Jahren die Schockdiagnose Krebs. Seitdem k\u00e4mpft die Frau des TV-Moderators Daniel Aminati\u00a0gegen ein malignes Melanom. Doch der schwarze Hautkrebs ist nicht heilbar, sie ist in palliativer Behandlung. Nun \u00e4u\u00dfert sie sich zu ihrer gesundheitlichen und psychischen Lage.<\/strong><\/p>\n<p>Die schwer an Krebs erkrankte Patrice Aminati hat in einer Fragerunde auf <a href=\"https:\/\/www.instagram.com\/stories\/patrice.eva\/3.720.924.850.274.568.742\/?hl=de\" target=\"_blank\" rel=\"noopener\">ihrem offiziellen Instagram-Account<\/a> ihren knapp 200.000 Followern schonungslos Rede und Antwort gestanden. Die meisten der &#8222;Q&amp;A&#8220;-Anfragen drehten sich um ihre Erkrankung und wie sie sowie ihre Familie mit dem Schicksalsschlag umgehen. Die bedr\u00fcckendste Antwort gab sie mit einem simplen &#8222;Ja&#8220;.<\/p>\n<p>Ein Follower hatte sie gefragt: &#8222;Hast du wieder neue Metastasen?&#8220; In der darauffolgenden Antwort gibt die Frau des Moderators Daniel Aminati weitere Details zu dieser Hiobsbotschaft und erkl\u00e4rt, dass Nebenwirkungen ihrer Medikamente eine Rolle spielen. &#8222;Durch die Krebsmedikamente wurden meine Leberwerte so schlecht, dass wir die Therapien pausieren mussten. Dann kommen die Metastasen zur\u00fcck&#8220;, enth\u00fcllt sie den frustrierenden Teufelskreis. Inzwischen habe sie die Krebstherapie aber wieder aufnehmen k\u00f6nnen.<\/p>\n<p>Sie will auch nicht dar\u00fcber hinwegt\u00e4uschen, wie sehr ihre Psyche unter dem Ganzen leidet. Immer wieder wache sie schwei\u00dfgebadet und dem &#8222;Wunsch, dass alles nur ein Albtraum ist&#8220;, auf. &#8222;Aber das ist es nicht. Es ist die Realit\u00e4t&#8220;.<\/p>\n<p>Aminatis ebenso realistische wie bittere Antwort auf die Frage, ob sie geheilt werden k\u00f6nne: &#8222;Aus medizinischer Sicht: Nein.&#8220; Zugleich habe sie aber nicht aufgeh\u00f6rt, f\u00fcr ein Wunder zu beten. Was ihr au\u00dferdem Kraft gibt, ist die Tatsache, auf ihrem Weg &#8222;Menschen kennengelernt [zu haben], die seit 15 Jahren mit dem Status &#8218;palliativ&#8216; leben.&#8220;<\/p>\n<p>Bereits seit rund zwei Jahren k\u00e4mpft Patrice Aminati gegen ein malignes Melanom, besser bekannt als schwarzer Hautkrebs. Die Diagnose erhielt sie nur wenige Monate nach der Geburt ihrer Tochter, die sie mit Daniel Aminati hat. Im Interview mit &#8222;Die Zeit&#8220; erkl\u00e4rte sie Anfang Mai, dass sie sich in palliativer Behandlung befinde. Der Krebs sei im Stadium 4 nicht mehr heilbar und habe gestreut.<\/p>\n<p><script async src=\"\/\/www.instagram.com\/embed.js\"><\/script><\/p>\n","protected":false},"excerpt":{"rendered":"&#8222;Frustrierender Teufelskreis&#8220; Krebskranke Patrice Aminati offenbart neue Metastasen 14.09.2025, 17:12 Uhr Artikel anh\u00f6ren Diese Audioversion wurde k\u00fcnstlich generiert.&hellip;\n","protected":false},"author":2,"featured_media":422635,"comment_status":"","ping_status":"","sticky":false,"template":"","format":"standard","meta":{"footnotes":""},"categories":[155],"tags":[29,214,30,141,152,1080,811,684,215],"class_list":{"0":"post-422634","1":"post","2":"type-post","3":"status-publish","4":"format-standard","5":"has-post-thumbnail","7":"category-unterhaltung","8":"tag-deutschland","9":"tag-entertainment","10":"tag-germany","11":"tag-gesundheit","12":"tag-instagram","13":"tag-krebs","14":"tag-promi-paare","15":"tag-tv","16":"tag-unterhaltung"},"share_on_mastodon":{"url":"https:\/\/pubeurope.com\/@de\/115203932746679140","error":""},"_links":{"self":[{"href":"https:\/\/www.europesays.com\/de\/wp-json\/wp\/v2\/posts\/422634","targetHints":{"allow":["GET"]}}],"collection":[{"href":"https:\/\/www.europesays.com\/de\/wp-json\/wp\/v2\/posts"}],"about":[{"href":"https:\/\/www.europesays.com\/de\/wp-json\/wp\/v2\/types\/post"}],"author":[{"embeddable":true,"href":"https:\/\/www.europesays.com\/de\/wp-json\/wp\/v2\/users\/2"}],"replies":[{"embeddable":true,"href":"https:\/\/www.europesays.com\/de\/wp-json\/wp\/v2\/comments?post=422634"}],"version-history":[{"count":0,"href":"https:\/\/www.europesays.com\/de\/wp-json\/wp\/v2\/posts\/422634\/revisions"}],"wp:featuredmedia":[{"embeddable":true,"href":"https:\/\/www.europesays.com\/de\/wp-json\/wp\/v2\/media\/422635"}],"wp:attachment":[{"href":"https:\/\/www.europesays.com\/de\/wp-json\/wp\/v2\/media?parent=422634"}],"wp:term":[{"taxonomy":"category","embeddable":true,"href":"https:\/\/www.europesays.com\/de\/wp-json\/wp\/v2\/categories?post=422634"},{"taxonomy":"post_tag","embeddable":true,"href":"https:\/\/www.europesays.com\/de\/wp-json\/wp\/v2\/tags?post=422634"}],"curies":[{"name":"wp","href":"https:\/\/api.w.org\/{rel}","templated":true}]}}