{"id":422793,"date":"2025-09-14T19:26:17","date_gmt":"2025-09-14T19:26:17","guid":{"rendered":"https:\/\/www.europesays.com\/de\/422793\/"},"modified":"2025-09-14T19:26:17","modified_gmt":"2025-09-14T19:26:17","slug":"nah-sh-der-nahverkehr-kiel-magazin-de","status":"publish","type":"post","link":"https:\/\/www.europesays.com\/de\/422793\/","title":{"rendered":"Nah.SH &#8211; Der Nahverkehr &#8211; kiel-magazin.de"},"content":{"rendered":"<p> Entstehung aus bew\u00e4hrter Struktur <\/p>\n<p>NAH.SH ging am 27. November 2014 aus der Landesweiten Verkehrsservicegesellschaft Schleswig-Holstein (LVS) hervor. Die LVS hatte bereits seit 1996 als Aufgabentr\u00e4ger f\u00fcr den Schienenpersonennahverkehr (SPNV) im Bundesland gearbeitet. <strong>Das Land Schleswig-Holstein und die 15 Kreise sowie kreisfreien St\u00e4dte gr\u00fcndeten damals gemeinsam diese Gesellschaft<\/strong>.<\/p>\n<p>Mit der Umbenennung zur NAH.SH GmbH wurde gleichzeitig ein vollwertiger Nahverkehrsverbund f\u00fcr Schleswig-Holstein eingef\u00fchrt. Dieser Schritt b\u00fcndelte alle Aktivit\u00e4ten des \u00f6ffentlichen Nahverkehrs unter einem Dach und schuf die Grundlage <strong>f\u00fcr eine noch bessere Koordination aller Verkehrsmittel<\/strong>.<\/p>\n<p> Kernaufgaben f\u00fcr den gesamten \u00d6PNV <\/p>\n<p>Die Hauptaufgabe von NAH.SH liegt in der Planung, Bestellung und Qualit\u00e4tssicherung des SPNV-Angebotes. <strong>Das Unternehmen entscheidet, welche Z\u00fcge auf welchen Strecken fahren, wie oft sie verkehren und welche Standards sie erf\u00fcllen m\u00fcssen<\/strong>. Dabei arbeitet NAH.SH eng mit verschiedenen Eisenbahnverkehrsunternehmen zusammen.<\/p>\n<p>Zus\u00e4tzlich \u00fcbernimmt der Verbund koordinierende Aufgaben f\u00fcr den \u00fcbrigen \u00f6ffentlichen Personennahverkehr. <strong>Dazu geh\u00f6ren Buslinien und F\u00e4hren im gesamten Bundesland<\/strong>. Diese umfassende Betrachtung aller Verkehrstr\u00e4ger erm\u00f6glicht optimale Verbindungen f\u00fcr die Fahrg\u00e4ste.<\/p>\n<p> Infrastruktur und Taktfahrplan <\/p>\n<p>NAH.SH plant nicht nur den Betrieb, sondern denkt auch die Infrastruktur mit. <strong>Das Unternehmen nimmt Planungsaufgaben im Infrastrukturbereich wahr, um das Land besser zu erschlie\u00dfen<\/strong>. Ein zentrales Ziel ist die Schaffung eines integralen Taktfahrplans, bei dem alle Verkehrsmittel optimal aufeinander abgestimmt sind.<\/p>\n<p>Dieser Taktfahrplan sorgt daf\u00fcr, dass Fahrg\u00e4ste schnell und bequem umsteigen k\u00f6nnen. Z\u00fcge, Busse und andere Verkehrsmittel sind so getaktet, dass Wartezeiten minimiert werden <strong>und Anschl\u00fcsse zuverl\u00e4ssig funktionieren<\/strong>.<\/p>\n<p> Einheitlicher Schleswig-Holstein-Tarif <\/p>\n<p>Eine besondere St\u00e4rke von NAH.SH ist der Schleswig-Holstein-Tarif. Dieser landesweit und verkehrstr\u00e4ger\u00fcbergreifend g\u00fcltige Tarif l\u00f6ste im Dezember 2002 den Nahverkehrstarif der Deutschen Bahn ab. <strong>Seitdem k\u00f6nnen Fahrg\u00e4ste durchg\u00e4ngige Fahrkarten f\u00fcr alle \u00f6ffentlichen Verkehrsmittel kaufen<\/strong>.<\/p>\n<p>Der Tarif erm\u00f6glicht es, mit einem einzigen Ticket vom Regionalzug \u00fcber den Stadtbus bis zur F\u00e4hre alle Verkehrsmittel zu nutzen. <strong>NAH.SH entwickelt diesen Tarif kontinuierlich weiter und passt ihn an die Bed\u00fcrfnisse der Fahrg\u00e4ste an<\/strong>.<\/p>\n<p> Grundlage: Nahverkehrspl\u00e4ne der Politik <\/p>\n<p>Die Arbeit von NAH.SH basiert auf den Nahverkehrspl\u00e4nen, <strong>die alle f\u00fcnf Jahre von der Landespolitik aufgestellt werden<\/strong>. Diese Pl\u00e4ne definieren die Ziele und Vorgaben f\u00fcr den \u00f6ffentlichen Nahverkehr im Land. NAH.SH setzt diese politischen Entscheidungen dann operativ um.<\/p>\n<p>Das von NAH.SH koordinierte Verkehrsnetz ist beeindruckend: <strong>2021 umfasste der Nahverkehr in Schleswig-Holstein 1.179 Kilometer Schienennetz mit 178 Bahnstationen<\/strong>. Dazu kommen 26.000 Kilometer Buslinien mit etwa 7.500 Haltestellen.<\/p>\n<p>F\u00fcnf Eisenbahnverkehrsunternehmen und rund 25 Busunternehmen arbeiten f\u00fcr den Verbund. Gemeinsam bef\u00f6rderten sie pro Jahr etwa 324 Millionen Fahrg\u00e4ste. <strong>Diese Zahlen zeigen die enorme Bedeutung von NAH.SH f\u00fcr die Mobilit\u00e4t der Menschen in Schleswig-Holstein<\/strong>.<\/p>\n<p>Der Nahverkehrsverbund Schleswig-Holstein hat sich als zentraler Akteur f\u00fcr nachhaltige Mobilit\u00e4t im Norden etabliert <strong>und sorgt t\u00e4glich daf\u00fcr, dass Menschen zuverl\u00e4ssig ihr Ziel erreichen<\/strong>.<\/p>\n","protected":false},"excerpt":{"rendered":"Entstehung aus bew\u00e4hrter Struktur NAH.SH ging am 27. November 2014 aus der Landesweiten Verkehrsservicegesellschaft Schleswig-Holstein (LVS) hervor. Die&hellip;\n","protected":false},"author":2,"featured_media":422794,"comment_status":"","ping_status":"","sticky":false,"template":"","format":"standard","meta":{"footnotes":""},"categories":[1852],"tags":[3364,29,548,663,3934,30,13,4949,14,15,12,1971],"class_list":{"0":"post-422793","1":"post","2":"type-post","3":"status-publish","4":"format-standard","5":"has-post-thumbnail","7":"category-kiel","8":"tag-de","9":"tag-deutschland","10":"tag-eu","11":"tag-europa","12":"tag-europe","13":"tag-germany","14":"tag-headlines","15":"tag-kiel","16":"tag-nachrichten","17":"tag-news","18":"tag-schlagzeilen","19":"tag-schleswig-holstein"},"share_on_mastodon":{"url":"https:\/\/pubeurope.com\/@de\/115204298292436952","error":""},"_links":{"self":[{"href":"https:\/\/www.europesays.com\/de\/wp-json\/wp\/v2\/posts\/422793","targetHints":{"allow":["GET"]}}],"collection":[{"href":"https:\/\/www.europesays.com\/de\/wp-json\/wp\/v2\/posts"}],"about":[{"href":"https:\/\/www.europesays.com\/de\/wp-json\/wp\/v2\/types\/post"}],"author":[{"embeddable":true,"href":"https:\/\/www.europesays.com\/de\/wp-json\/wp\/v2\/users\/2"}],"replies":[{"embeddable":true,"href":"https:\/\/www.europesays.com\/de\/wp-json\/wp\/v2\/comments?post=422793"}],"version-history":[{"count":0,"href":"https:\/\/www.europesays.com\/de\/wp-json\/wp\/v2\/posts\/422793\/revisions"}],"wp:featuredmedia":[{"embeddable":true,"href":"https:\/\/www.europesays.com\/de\/wp-json\/wp\/v2\/media\/422794"}],"wp:attachment":[{"href":"https:\/\/www.europesays.com\/de\/wp-json\/wp\/v2\/media?parent=422793"}],"wp:term":[{"taxonomy":"category","embeddable":true,"href":"https:\/\/www.europesays.com\/de\/wp-json\/wp\/v2\/categories?post=422793"},{"taxonomy":"post_tag","embeddable":true,"href":"https:\/\/www.europesays.com\/de\/wp-json\/wp\/v2\/tags?post=422793"}],"curies":[{"name":"wp","href":"https:\/\/api.w.org\/{rel}","templated":true}]}}