{"id":422910,"date":"2025-09-14T20:31:15","date_gmt":"2025-09-14T20:31:15","guid":{"rendered":"https:\/\/www.europesays.com\/de\/422910\/"},"modified":"2025-09-14T20:31:15","modified_gmt":"2025-09-14T20:31:15","slug":"red-carpet-rueckblick-das-waren-die-schoensten-glamour-looks-der-emmy-awards","status":"publish","type":"post","link":"https:\/\/www.europesays.com\/de\/422910\/","title":{"rendered":"Red-Carpet-R\u00fcckblick: Das waren die sch\u00f6nsten Glamour-Looks der Emmy Awards"},"content":{"rendered":"<p>Red-Carpet-R\u00fcckblick<br \/>\nDas waren die sch\u00f6nsten Looks der Emmy Awards<\/p>\n<p>\nSchon seit 1949 werden in Los Angeles die Emmy Awards verliehen, und der bedeutendste Fernsehpreis der Welt zieht allj\u00e4hrlich mindestens soviele Stars auf den roten Teppich wie die Oscars. In welchen Glamour-Looks sich Jennifer Aniston, Angelina Jolie und Co. in den letzten Jahrzehnten pr\u00e4sentierten, zeigt GALA Ihnen hier in der Bilderstrecke.\n<\/p>\n<p>Vorheriges Bild<br \/>\nN\u00e4chstes Bild<\/p>\n<p><img class=\"image group-gallery__img\"   src=\"https:\/\/www.europesays.com\/de\/wp-content\/uploads\/2025\/09\/emmy-awards-best-dressed-1956-jan-clayton.jpg\" alt=\"&quot;Lassie&quot;-Star Jan Clayton war in den F\u00fcnfzigern eine beliebte Schauspielerin, und im wei\u00dfen Satinkleid mit langen Handschuhen zeigt sie den alten Hollywood-Glamour auch von seiner sch\u00f6nsten Seite.\" decoding=\"async\" fetchpriority=\"high\" loading=\"eager\"\/><br \/>\n<a href=\"https:\/\/image.gala.de\/24450494\/t\/LZ\/v4\/w2048\/r0.6667\/-\/emmy-awards-best-dressed-1956-jan-clayton.jpg#Michael%20Ochs%20Archives%20%2F%20Getty%20Images\" class=\"image__magnifier\" aria-label=\"Vergr\u00f6\u00dfern\" rel=\"nofollow noopener\" target=\"_blank\"><\/p>\n<p>1956\n<\/p>\n<p> &#8222;Lassie&#8220;-Star Jan Clayton war in den F\u00fcnfzigern eine beliebte Schauspielerin, und im wei\u00dfen Satinkleid mit langen Handschuhen zeigt sie den alten Hollywood-Glamour auch von seiner sch\u00f6nsten Seite. Mehr<\/p>\n<p>#Themen<\/p>\n","protected":false},"excerpt":{"rendered":"Red-Carpet-R\u00fcckblick Das waren die sch\u00f6nsten Looks der Emmy Awards Schon seit 1949 werden in Los Angeles die Emmy&hellip;\n","protected":false},"author":2,"featured_media":422911,"comment_status":"","ping_status":"","sticky":false,"template":"","format":"standard","meta":{"footnotes":""},"categories":[1776],"tags":[1801,29,214,30,1802,215],"class_list":{"0":"post-422910","1":"post","2":"type-post","3":"status-publish","4":"format-standard","5":"has-post-thumbnail","7":"category-prominente","8":"tag-celebrities","9":"tag-deutschland","10":"tag-entertainment","11":"tag-germany","12":"tag-prominente","13":"tag-unterhaltung"},"share_on_mastodon":{"url":"https:\/\/pubeurope.com\/@de\/115204553730764122","error":""},"_links":{"self":[{"href":"https:\/\/www.europesays.com\/de\/wp-json\/wp\/v2\/posts\/422910","targetHints":{"allow":["GET"]}}],"collection":[{"href":"https:\/\/www.europesays.com\/de\/wp-json\/wp\/v2\/posts"}],"about":[{"href":"https:\/\/www.europesays.com\/de\/wp-json\/wp\/v2\/types\/post"}],"author":[{"embeddable":true,"href":"https:\/\/www.europesays.com\/de\/wp-json\/wp\/v2\/users\/2"}],"replies":[{"embeddable":true,"href":"https:\/\/www.europesays.com\/de\/wp-json\/wp\/v2\/comments?post=422910"}],"version-history":[{"count":0,"href":"https:\/\/www.europesays.com\/de\/wp-json\/wp\/v2\/posts\/422910\/revisions"}],"wp:featuredmedia":[{"embeddable":true,"href":"https:\/\/www.europesays.com\/de\/wp-json\/wp\/v2\/media\/422911"}],"wp:attachment":[{"href":"https:\/\/www.europesays.com\/de\/wp-json\/wp\/v2\/media?parent=422910"}],"wp:term":[{"taxonomy":"category","embeddable":true,"href":"https:\/\/www.europesays.com\/de\/wp-json\/wp\/v2\/categories?post=422910"},{"taxonomy":"post_tag","embeddable":true,"href":"https:\/\/www.europesays.com\/de\/wp-json\/wp\/v2\/tags?post=422910"}],"curies":[{"name":"wp","href":"https:\/\/api.w.org\/{rel}","templated":true}]}}