{"id":423042,"date":"2025-09-14T21:45:13","date_gmt":"2025-09-14T21:45:13","guid":{"rendered":"https:\/\/www.europesays.com\/de\/423042\/"},"modified":"2025-09-14T21:45:13","modified_gmt":"2025-09-14T21:45:13","slug":"berlin-brandenburg-eisbaeren-berlin-gewinnen-mit-73-in-koeln","status":"publish","type":"post","link":"https:\/\/www.europesays.com\/de\/423042\/","title":{"rendered":"Berlin &#038; Brandenburg: Eisb\u00e4ren Berlin gewinnen mit 7:3 in K\u00f6ln"},"content":{"rendered":"<p>                    Berlin &amp; Brandenburg<br \/>\n                Eisb\u00e4ren Berlin gewinnen mit 7:3 in K\u00f6ln<\/p>\n<p>\t\t\t\t              14.09.2025, 19:09 Uhr<\/p>\n<p><strong>Der Titelverteidiger aus der Hauptstadt setzt gegen den Vizemeister am 2. Spieltag der neuen DEL-Saison ein Ausrufezeichen: Nach einem Drei-Tore-R\u00fcckstand gewinnen die Berliner am Ende deutlich.<\/strong><\/p>\n<p>K\u00f6ln (dpa\/bb) &#8211; Die Eisb\u00e4ren Berlin haben in der Deutschen Eishockey Liga auch ihr zweites Saisonspiel gewonnen. Der deutsche Meister setzte sich im Spitzenspiel bei den K\u00f6lner Haien nach einem 0:3-R\u00fcckstand noch mit 7:3 (0:0, 3:3, 4:0) durch. Ty Ronning steuerte zwei Tore zum letztlich klaren Erfolg gegen den Finalgegner der vergangenen Saison bei. Au\u00dferdem trafen Adam Smith, Jonas M\u00fcller, Marcel Noebels, Markus Vikingstad und Andreas Eder f\u00fcr die Hauptst\u00e4dter.<\/p>\n<p>Vor 17.678 Zuschauern in der K\u00f6lner Arena lieferten sich beide Teams ein ausgeglichenes Auftaktdrittel, konnten aber ihre Chancen nicht nutzen. Nach der ersten Pause verloren die Berliner zwischenzeitlich ihre Linie: Valtteri Kemil\u00e4inen traf in der 22. Minute f\u00fcr die K\u00f6lner, 30 Sekunden sp\u00e4ter erh\u00f6hte Frederik Storm. In doppelter \u00dcberzahl bauten die Rheinl\u00e4nder ihren Vorsprung durch ein Tor von Nate Schnarr weiter aus (26.).<\/p>\n<p>Die Berliner starten furios ins Schlussdrittel<\/p>\n<p>Die Hauptst\u00e4dter antworteten allerdings prompt: Smith (27.). M\u00fcller (29.) und Ronning im Powerplay (31.) sorgten innerhalb von gut vier Minuten f\u00fcr den 3:3-Ausgleich.<\/p>\n<p>In den Schlussabschnitt starteten die Berliner furios: Erneut Ronning, Noebels und Neuzugang Vikingstad sorgten daf\u00fcr, dass der Meister 54 Sekunden nach dem Wiederbeginn mit drei Toren f\u00fchrte. Eder traf wenig sp\u00e4ter zum Endstand von 7:3 (44.).<\/p>\n","protected":false},"excerpt":{"rendered":"Berlin &amp; Brandenburg Eisb\u00e4ren Berlin gewinnen mit 7:3 in K\u00f6ln 14.09.2025, 19:09 Uhr Der Titelverteidiger aus der Hauptstadt&hellip;\n","protected":false},"author":2,"featured_media":423043,"comment_status":"","ping_status":"","sticky":false,"template":"","format":"standard","meta":{"footnotes":""},"categories":[1816],"tags":[1960,1958,1959,1957,296,1956,1890,29,2603,30,1420],"class_list":{"0":"post-423042","1":"post","2":"type-post","3":"status-publish","4":"format-standard","5":"has-post-thumbnail","7":"category-brandenburg","8":"tag-aktuelle-nachrichten-aus-berlin-und-brandenburg","9":"tag-aktuelle-nachrichten-aus-brandenburg","10":"tag-aktuelle-news-aus-berlin-und-brandenburg","11":"tag-aktuelle-news-aus-brandenburg","12":"tag-berlin","13":"tag-berlin-und-brandenburg","14":"tag-brandenburg","15":"tag-deutschland","16":"tag-eisbaeren","17":"tag-germany","18":"tag-koeln"},"share_on_mastodon":{"url":"https:\/\/pubeurope.com\/@de\/115204844731366072","error":""},"_links":{"self":[{"href":"https:\/\/www.europesays.com\/de\/wp-json\/wp\/v2\/posts\/423042","targetHints":{"allow":["GET"]}}],"collection":[{"href":"https:\/\/www.europesays.com\/de\/wp-json\/wp\/v2\/posts"}],"about":[{"href":"https:\/\/www.europesays.com\/de\/wp-json\/wp\/v2\/types\/post"}],"author":[{"embeddable":true,"href":"https:\/\/www.europesays.com\/de\/wp-json\/wp\/v2\/users\/2"}],"replies":[{"embeddable":true,"href":"https:\/\/www.europesays.com\/de\/wp-json\/wp\/v2\/comments?post=423042"}],"version-history":[{"count":0,"href":"https:\/\/www.europesays.com\/de\/wp-json\/wp\/v2\/posts\/423042\/revisions"}],"wp:featuredmedia":[{"embeddable":true,"href":"https:\/\/www.europesays.com\/de\/wp-json\/wp\/v2\/media\/423043"}],"wp:attachment":[{"href":"https:\/\/www.europesays.com\/de\/wp-json\/wp\/v2\/media?parent=423042"}],"wp:term":[{"taxonomy":"category","embeddable":true,"href":"https:\/\/www.europesays.com\/de\/wp-json\/wp\/v2\/categories?post=423042"},{"taxonomy":"post_tag","embeddable":true,"href":"https:\/\/www.europesays.com\/de\/wp-json\/wp\/v2\/tags?post=423042"}],"curies":[{"name":"wp","href":"https:\/\/api.w.org\/{rel}","templated":true}]}}