{"id":423425,"date":"2025-09-15T01:18:21","date_gmt":"2025-09-15T01:18:21","guid":{"rendered":"https:\/\/www.europesays.com\/de\/423425\/"},"modified":"2025-09-15T01:18:21","modified_gmt":"2025-09-15T01:18:21","slug":"liveticker-zur-kommunalwahl-in-duisburg-2025-die-wahlergebnisse-im-ueberblick","status":"publish","type":"post","link":"https:\/\/www.europesays.com\/de\/423425\/","title":{"rendered":"Liveticker zur Kommunalwahl in Duisburg 2025: die Wahlergebnisse im \u00dcberblick"},"content":{"rendered":"<p>      LIVE<\/p>\n<p>  Liveblog zur Kommunalwahl in Duisburg        S\u00f6ren Link (SPD) und Carsten Gro\u00df (AfD) gehen in die Stichwahl<\/p>\n<p class=\"text-50 desktop:text-70 park-container-small px-6 mb-10 desktop:mb-14\">Duisburg \u00b7 <strong data-cy=\"intro\">Duisburg hat an diesem Sonntag \u00fcber B\u00fcrgermeister und Stadtrat abgestimmt. Die Ergebnisse fallen vor allem f\u00fcr die CDU ziemlich ern\u00fcchternd aus. Die AfD feiert und S\u00f6ren Link f\u00e4hrt ein gutes Ergebnis ein. Die Infos im Liveblog.<\/strong><\/p>\n<p>                        <a class=\"absolute bottom-0 inset-x-0 z-10 group\/link before:float-left after:clear-both flex justify-end items-end print:hidden\" href=\"https:\/\/rp-online.de\/imgs\/32\/2\/4\/1\/2\/5\/7\/4\/1\/5\/tok_1d07752348b628951fae075d33643324\/w1900_h1266_x1796_y1197_imago260541911-e97d96e6141fcf87.jpg\" title=\"Vergr\u00f6\u00dferte Ansicht\" aria-describedby=\"park-figure-\" data-enlargable=\"image\" rel=\"nofollow noopener\" target=\"_blank\"><\/p>\n<p>                            <\/a><\/p>\n<p>                <img class=\"inset-0 w-full h-full object-cover opacity-0 transition-opacity animated\" onload=\"this.style.opacity = '1';\" src=\"https:\/\/www.europesays.com\/de\/wp-content\/uploads\/2025\/09\/w2100_h1400_x1796_y1197_imago260541911-e97d96e6141fcf87.jpg\"   alt=\"Sarah Philipp, Chefin der NRW-SPD, und Arbeitsministerin B\u00e4rbel Bas im Duisburger Rathaus.\" width=\"3592\" height=\"2395\" fetchpriority=\"high\" decoding=\"async\" data-park-image-img=\"\"\/><\/p>\n<p class=\"block font-sans text-30 text-black-almost dark:text-white-almost desktop:text-40 desktop:[.floated_&amp;]:text-30 mt-3 desktop:[.floated_&amp;]:mt-3 desktop:mt-4\">Sarah Philipp, Chefin der NRW-SPD, und Arbeitsministerin B\u00e4rbel Bas im Duisburger Rathaus.<\/p>\n<p>    Foto: FUNKE Foto Services\/STEFAN AREND  <\/p>\n<p>                  (th)<\/p>\n","protected":false},"excerpt":{"rendered":"LIVE Liveblog zur Kommunalwahl in Duisburg S\u00f6ren Link (SPD) und Carsten Gro\u00df (AfD) gehen in die Stichwahl Duisburg&hellip;\n","protected":false},"author":2,"featured_media":423426,"comment_status":"","ping_status":"","sticky":false,"template":"","format":"standard","meta":{"footnotes":""},"categories":[1838],"tags":[3364,29,3715,30,5982,3272,1209],"class_list":{"0":"post-423425","1":"post","2":"type-post","3":"status-publish","4":"format-standard","5":"has-post-thumbnail","7":"category-duisburg","8":"tag-de","9":"tag-deutschland","10":"tag-duisburg","11":"tag-germany","12":"tag-infos","13":"tag-liveblog","14":"tag-nordrhein-westfalen"},"share_on_mastodon":{"url":"https:\/\/pubeurope.com\/@de\/115205682425833091","error":""},"_links":{"self":[{"href":"https:\/\/www.europesays.com\/de\/wp-json\/wp\/v2\/posts\/423425","targetHints":{"allow":["GET"]}}],"collection":[{"href":"https:\/\/www.europesays.com\/de\/wp-json\/wp\/v2\/posts"}],"about":[{"href":"https:\/\/www.europesays.com\/de\/wp-json\/wp\/v2\/types\/post"}],"author":[{"embeddable":true,"href":"https:\/\/www.europesays.com\/de\/wp-json\/wp\/v2\/users\/2"}],"replies":[{"embeddable":true,"href":"https:\/\/www.europesays.com\/de\/wp-json\/wp\/v2\/comments?post=423425"}],"version-history":[{"count":0,"href":"https:\/\/www.europesays.com\/de\/wp-json\/wp\/v2\/posts\/423425\/revisions"}],"wp:featuredmedia":[{"embeddable":true,"href":"https:\/\/www.europesays.com\/de\/wp-json\/wp\/v2\/media\/423426"}],"wp:attachment":[{"href":"https:\/\/www.europesays.com\/de\/wp-json\/wp\/v2\/media?parent=423425"}],"wp:term":[{"taxonomy":"category","embeddable":true,"href":"https:\/\/www.europesays.com\/de\/wp-json\/wp\/v2\/categories?post=423425"},{"taxonomy":"post_tag","embeddable":true,"href":"https:\/\/www.europesays.com\/de\/wp-json\/wp\/v2\/tags?post=423425"}],"curies":[{"name":"wp","href":"https:\/\/api.w.org\/{rel}","templated":true}]}}