{"id":423842,"date":"2025-09-15T05:20:15","date_gmt":"2025-09-15T05:20:15","guid":{"rendered":"https:\/\/www.europesays.com\/de\/423842\/"},"modified":"2025-09-15T05:20:15","modified_gmt":"2025-09-15T05:20:15","slug":"in-diesem-eu-land-soll-bald-ein-einzigartiges-tempolimit-gelten-2","status":"publish","type":"post","link":"https:\/\/www.europesays.com\/de\/423842\/","title":{"rendered":"In diesem EU-Land soll bald ein einzigartiges Tempolimit gelten"},"content":{"rendered":"<p class=\"mb-6 text-xs md:text-m lg:text-l font-serif group-[.font-sans]:font-sans \">\n    Das <a href=\"https:\/\/www.ka-news.de\/auto\/innerorts-nie-mehr-als-30-auto-15-7-25-105002649\" target=\"_blank\" class=\"underline \" rel=\"nofollow noopener\">Tempolimit<\/a> wird in Europa seit Jahren kontrovers diskutiert. In Deutschland drehen sich die Diskussionen vor allem um die Frage, ob ein Tempolimit auf der Autobahn eingef\u00fchrt werden soll. In anderen L\u00e4ndern geht es eher darum, ob Tempolimits auf Autobahnen aufgebrochen oder gelockert werden sollen. So auch in Tschechien. In dem deutschen Nachbarland ist nun ein Pilotprojekt mit <a href=\"https:\/\/www.ka-news.de\/auto\/tempolimit-schild-mit-gruenem-rand-in-spanien-geplant-was-hat-es-zu-bedeuten-15-7-25-109211854\" target=\"_blank\" class=\"underline \" rel=\"nofollow noopener\">neuartigen Verkehrsschildern<\/a> angelaufen. Schon bald sollen die Schilder regelm\u00e4\u00dfig zum Einsatz kommen.\n  <\/p>\n<p>            Tempo 150: Tschechien testet neues Tempolimit<\/p>\n<p class=\"mb-6 text-xs md:text-m lg:text-l font-serif group-[.font-sans]:font-sans \">\n    In Tschechien gilt derzeit <a href=\"https:\/\/www.ka-news.de\/auto\/neue-autobahn-regel-in-diesen-regionen-ist-das-abfahren-bei-stau-kuenftig-verboten-19-8-25-110575119\" target=\"_blank\" class=\"underline \" rel=\"nofollow noopener\">auf Autobahnen<\/a> ein Tempolimit von 130 km\/h, <a href=\"https:\/\/www.adac.de\/news\/verkehr-tempo-150-autobahn-tschechien\/\" rel=\"nofollow noopener\" target=\"_blank\" class=\"underline \">berichtet der ADAC<\/a>. Damit soll bald Schluss sein \u2013 zumindest auf einer Autobahn und unter bestimmten Bedingungen. Aus dem ADAC-Bericht geht hervor, dass die tschechische Regierung eine \u00c4nderung <a href=\"https:\/\/www.ka-news.de\/auto\/unnoetiges-autofahren-wann-droht-ein-bussgeld-15-7-25-103590465\" target=\"_blank\" class=\"underline \" rel=\"nofollow noopener\">der Stra\u00dfenverkehrsordnung<\/a> durchgesetzt hat, die die Anhebung des Tempolimits auf 150 km\/h erm\u00f6glicht.\n  <\/p>\n<p class=\"mb-6 text-xs md:text-m lg:text-l font-serif group-[.font-sans]:font-sans \">\n    Ein Pilotprojekt mit Tempo 150 hat Mitte August 2025 begonnen. \u201eAuf der Autobahn D3 haben wir begonnen, variable Verkehrszeichen f\u00fcr eine Geschwindigkeit von 150 km\/h anzubringen\u201c, erkl\u00e4rte <a href=\"https:\/\/www.rsd.cz\/\" rel=\"nofollow noopener\" target=\"_blank\" class=\"underline \">die tschechische Stra\u00dfen- und Autobahnverwaltung<\/a> am 15. August 2025. Getestet wird demnach <a href=\"https:\/\/www.ka-news.de\/auto\/verkehr-die-kuerzeste-autobahn-deutschlands-ist-in-baden-wuerttemberg-17-7-25-102569863\" target=\"_blank\" class=\"underline \" rel=\"nofollow noopener\">auf einem Streckenabschnitt<\/a> einer L\u00e4nge von rund 50 Kilometern zwischen den St\u00e4dten Tabor und Ceske Budejovice. Der Plan sei, diesen Abschnitt Ende September 2025 mit dem neuen Tempolimit in Betrieb zu nehmen. Die Autobahn D3 f\u00fchrt von Prag bis ins \u00f6sterreichische Linz.\n  <\/p>\n<p>            Tempo-150-Schilder k\u00f6nnen elektronisch aufgeklappt werden<\/p>\n<p class=\"mb-6 text-xs md:text-m lg:text-l font-serif group-[.font-sans]:font-sans \">\n    Ziel des neuen Tempolimits ist ein effizienterer und reibungsloser Ablauf des Verkehrs, erkl\u00e4rt der ADAC. Um dieses zu erreichen, werden <a href=\"https:\/\/www.ka-news.de\/incoming\/schwarz-weisse-verkehrsschilder-bedeutung-9-5-24-102568489\" target=\"_blank\" class=\"underline \" rel=\"nofollow noopener\">die Verkehrsschilder<\/a> nicht dauerhaft an der Stra\u00dfe stehen, sondern elektronisch aufgeklappt werden k\u00f6nnen. Das soll immer dann geschehen, wenn das Verkehrsaufkommen gering und das Wetter gut ist. Bei <a href=\"https:\/\/www.ka-news.de\/auto\/auto-von-innen-gefroren-so-bekaempfen-sie-erfolgreich-eis-15-7-25-104437016\" target=\"_blank\" class=\"underline \" rel=\"nofollow noopener\">winterlichen Bedingungen<\/a>, Nebel oder Regen gilt weiterhin das Tempolimit von 130 km\/h.\n  <\/p>\n<p class=\"mb-6 text-xs md:text-m lg:text-l font-serif group-[.font-sans]:font-sans \">\n    Das Projekt kostet die tschechische Stra\u00dfen- und Autobahnverwaltung laut offiziellen Angaben rund 2,2 Millionen Euro. Sollte die Testphase positiv verlaufen, sind weitere Strecken mit Tempo 150 geplant. Beispielsweise auf der Autobahn D1 nach Ostrava und der Autobahn D11 bei Hradec Kr\u00e1lov\u00e9.\n  <\/p>\n<p class=\"mb-6 text-xs md:text-m lg:text-l font-serif group-[.font-sans]:font-sans \">\n    Egal, welches Tempolimit gerade gilt: Wer auf tschechischen Stra\u00dfen unterwegs ist, sollte sich an die Geschwindigkeitsbegrenzungen halten. Anfang 2024 wurden die Bu\u00dfgelder in Tschechien drastisch erh\u00f6ht. Laut dem ADAC fallen <a href=\"https:\/\/www.ka-news.de\/auto\/verkehr-ab-wie-viel-km-h-ist-der-auto-fuehrerschein-weg-wenn-man-zu-schnell-faehrt-15-7-25-102789029\" target=\"_blank\" class=\"underline \" rel=\"nofollow noopener\">bei Geschwindigkeits\u00fcberschreitungen<\/a> von 50 km\/h au\u00dferorts oder 40 km\/h innerorts nun <a href=\"https:\/\/www.ka-news.de\/auto\/auto-bussgeldkatalog-2024-so-viel-zahlen-bei-zu-hoher-geschwindigkeit-4-8-25-102568074\" target=\"_blank\" class=\"underline \" rel=\"nofollow noopener\">Geldstrafen<\/a> von umgerechnet etwa 1000 Euro an.\n  <\/p>\n<p class=\"mb-6 text-xs md:text-m lg:text-l font-serif group-[.font-sans]:font-sans \">\n    Auch interessant: In Belgien wurde <a href=\"https:\/\/www.ka-news.de\/auto\/autofahrer-mit-fast-700-km-h-geblitzt-wie-ist-das-moeglich-15-7-25-108947034\" target=\"_blank\" class=\"underline \" rel=\"nofollow noopener\">ein Autofahrer mit 700 km\/h geblitzt<\/a>. In Deutschland waren zuletzt prominente Namen unter den Verkehrss\u00fcndern. CDU-Politiker <a href=\"https:\/\/www.ka-news.de\/auto\/fuehrerschein-weg-laschet-fuehlt-sich-verfolgt-und-wird-mit-97-km-h-in-der-stadt-geblitzt-108180166\" target=\"_blank\" class=\"underline \" rel=\"nofollow noopener\">Armin Laschet fuhr zu schnell<\/a>, Rapperin <a href=\"https:\/\/www.ka-news.de\/auto\/katja-krasavice-mit-mehr-als-1-1-promille-am-steuer-erwischt-welche-strafe-droht-der-rapperin-5-6-25-109165194\" target=\"_blank\" class=\"underline \" rel=\"nofollow noopener\">Katja Krasavice wurde mit mehr als einem Promille am Steuer<\/a> erwischt.\n  <\/p>\n<ul data-module-id=\"DragDropModule\" class=\"flex flex-wrap justify-start group-[.no-bookmarks]:hidden\">\n<li class=\"mb-3 mr-3\">\n    Lukas von Hoyer<\/p>\n<p>      Icon Haken im Kreis gesetzt<\/p>\n<p>      Icon Plus im Kreis<\/p>\n<\/li>\n<li class=\"mb-3 mr-3\">\n    Tempolimit<\/p>\n<p>      Icon Haken im Kreis gesetzt<\/p>\n<p>      Icon Plus im Kreis<\/p>\n<\/li>\n<li class=\"mb-3 mr-3\">\n    Tschechien<\/p>\n<p>      Icon Haken im Kreis gesetzt<\/p>\n<p>      Icon Plus im Kreis<\/p>\n<\/li>\n<\/ul>\n","protected":false},"excerpt":{"rendered":"Das Tempolimit wird in Europa seit Jahren kontrovers diskutiert. In Deutschland drehen sich die Diskussionen vor allem um&hellip;\n","protected":false},"author":2,"featured_media":385824,"comment_status":"","ping_status":"","sticky":false,"template":"","format":"standard","meta":{"footnotes":""},"categories":[3933],"tags":[331,332,548,663,158,3934,3935,13,14,15,12],"class_list":{"0":"post-423842","1":"post","2":"type-post","3":"status-publish","4":"format-standard","5":"has-post-thumbnail","7":"category-eu","8":"tag-aktuelle-nachrichten","9":"tag-aktuelle-news","10":"tag-eu","11":"tag-europa","12":"tag-europaeische-union","13":"tag-europe","14":"tag-european-union","15":"tag-headlines","16":"tag-nachrichten","17":"tag-news","18":"tag-schlagzeilen"},"share_on_mastodon":{"url":"https:\/\/pubeurope.com\/@de\/115206633974903649","error":""},"_links":{"self":[{"href":"https:\/\/www.europesays.com\/de\/wp-json\/wp\/v2\/posts\/423842","targetHints":{"allow":["GET"]}}],"collection":[{"href":"https:\/\/www.europesays.com\/de\/wp-json\/wp\/v2\/posts"}],"about":[{"href":"https:\/\/www.europesays.com\/de\/wp-json\/wp\/v2\/types\/post"}],"author":[{"embeddable":true,"href":"https:\/\/www.europesays.com\/de\/wp-json\/wp\/v2\/users\/2"}],"replies":[{"embeddable":true,"href":"https:\/\/www.europesays.com\/de\/wp-json\/wp\/v2\/comments?post=423842"}],"version-history":[{"count":0,"href":"https:\/\/www.europesays.com\/de\/wp-json\/wp\/v2\/posts\/423842\/revisions"}],"wp:featuredmedia":[{"embeddable":true,"href":"https:\/\/www.europesays.com\/de\/wp-json\/wp\/v2\/media\/385824"}],"wp:attachment":[{"href":"https:\/\/www.europesays.com\/de\/wp-json\/wp\/v2\/media?parent=423842"}],"wp:term":[{"taxonomy":"category","embeddable":true,"href":"https:\/\/www.europesays.com\/de\/wp-json\/wp\/v2\/categories?post=423842"},{"taxonomy":"post_tag","embeddable":true,"href":"https:\/\/www.europesays.com\/de\/wp-json\/wp\/v2\/tags?post=423842"}],"curies":[{"name":"wp","href":"https:\/\/api.w.org\/{rel}","templated":true}]}}