{"id":424033,"date":"2025-09-15T07:16:14","date_gmt":"2025-09-15T07:16:14","guid":{"rendered":"https:\/\/www.europesays.com\/de\/424033\/"},"modified":"2025-09-15T07:16:14","modified_gmt":"2025-09-15T07:16:14","slug":"verlaengerung-in-hamburg-bis-anfang-november","status":"publish","type":"post","link":"https:\/\/www.europesays.com\/de\/424033\/","title":{"rendered":"Verl\u00e4ngerung in Hamburg bis Anfang November"},"content":{"rendered":"<p>Expo-Halle <\/p>\n<p>Titanic-Ausstellung geht in die Verl\u00e4ngerung<\/p>\n<p>15.09.2025 &#8211; 09:13 UhrLesedauer: 2 Min.<\/p>\n<p><a href=\"#focus-0\" class=\"transition-colors duration-200 block text-current relative\" data-sctrack=\"FocusGalleryImage.Reference\"><img fetchpriority=\"high\" data-testid=\"Opener.Image\" style=\"--lqipURL:url('https:\/\/images.t-online.de\/2025\/09\/FTI-uYpemDJu\/3x337:3810x2143\/fit-in\/150x0\/filters:blur(25)\/impression-aus-der-ausstellung-bei-der-eroeffnung-der-ausstellung-titanic-eine-immersive-reise-in-ehrenfeld-koeln-06-022025-nrw-deutschland-impression-from-the-exhibition-at-the-opening-of-the-exhibition-titanic-an-immersive-journey-in-ehrenfeld-cologne-06-02-2025-nrw-germany-copyright-xchristophxhardtx.jpg')\"   loading=\"eager\" src=\"https:\/\/www.europesays.com\/de\/wp-content\/uploads\/2025\/09\/impression-aus-der-ausstellung-bei-der-eroeffnung-der-ausstellung-titanic-eine-immersive-reise-in-eh.jpeg\" alt=\"imago images 0800325884\" title=\"imago images 0800325884\" width=\"3810\" height=\"2143\" class=\"bg-[url:var(--lqipURL)] bg-cover bg-center flex h-full w-full max-w-full\" decoding=\"async\"\/><img style=\"--width:32;--height:32\" loading=\"lazy\" src=\"https:\/\/hamburg.t-online.de\/s\/paper\/_next\/static\/media\/zoom-in.f7dae02f.svg\" alt=\"Vergr\u00f6\u00dfern des Bildes\" title=\"Vergr\u00f6\u00dfern des Bildes\" class=\"block h-[calc(var(--height)_\/_16_*_1rem)] w-[calc(var(--width)_\/_16_*_1rem)] max-w-none absolute bottom-8 right-8 rounded-4 bg-snow p-8\" decoding=\"async\"\/><\/a><\/p>\n<p>Impression aus der Ausstellung: Im Februar startete sie in K\u00f6ln. (Quelle: IMAGO\/Christoph Hardt\/imago)<\/p>\n<p class=\"font-bold text-18 leading-17\">Urspr\u00fcnglich sollte die Ausstellung um das \u00e4u\u00dferst bekannte britische Passierschiff in Hamburg bis zum 14. September gehen. Doch ein Besuch ist weiter m\u00f6glich.<\/p>\n<p class=\"text-18 leading-17\">Im Februar dieses Jahres feiert die Ausstellung mit dem Titel &#8222;Titanic: Eine immersive Reise&#8220; Deutschlandpremiere in K\u00f6ln. In Hamburg l\u00e4uft die Pr\u00e4sentation nun seit April \u2013 und sollte eigentlich bis Mitte September stattfinden. Doch die Nachfrage sei gro\u00df, berichten die Macher von COFO Entertainment und verl\u00e4ngerten die Show inzwischen bis Anfang November.<\/p>\n<p class=\"text-18 leading-17\">Die Ausstellung &#8222;Titanic: Eine immersive Reise&#8220; pr\u00e4sentiert die Geschichte des einst gr\u00f6\u00dften Passagierschiffs. Thematisiert werden der Untergang und die Schicksale der Betroffenen. Besucher k\u00f6nnen detailgetreue Rekonstruktionen von R\u00e4umen begutachten. Mehr als 300 sorgf\u00e4ltig kuratierte Artefakte seien ausgestellt, darunter Exponate von der Titanic sowie ihren Schwesterschiffen Olympic und Britannic, teilen die Veranstalter mit.<\/p>\n<p class=\"text-18 leading-17\">Weitere Ausstellungsst\u00fccke w\u00fcrden zur Carpathia, die als erstes Schiff den Notruf der sinkenden Titanic empfing und zur Rettung eilte, geh\u00f6ren. Andere vom britischen Frachtschiff Californian, die den Funkverkehr f\u00fcr die Nacht eingestellt hatte und trotz sichtbarer Notraketen der Titanic nicht zur Hilfe kam, hei\u00dft es in der Mitteilung weiter.<\/p>\n<p class=\"text-18 leading-17\">Die Ausstellung wird vom Deutschen Titanic-Verein 1997 als offiziellem Partner begleitet. Der gemeinn\u00fctzige Verein m\u00f6chte im deutschsprachigen Raum eine Plattform schaffen, um das Wissen \u00fcber die Titanic und die Schifffahrt zu erweitern. Zudem soll ein Austausch unter Interessierten erm\u00f6glicht werden.<\/p>\n<p class=\"text-18 leading-17\">Malte Fiebing-Petersen, Vorsitzender des Vereins, unterst\u00fctzt als wissenschaftlicher Berater die Ausstellung. Die Veranstalter bezeichnen ihn als einen der f\u00fchrenden deutschen Titanic-Experten. Seine Faszination f\u00fcr das Thema begann bereits in jungen Jahren und m\u00fcndete in umfangreiche Forschungen und Ver\u00f6ffentlichungen. Fiebing-Petersen ist au\u00dferdem Autor zweier B\u00fccher \u00fcber die Titanic.<\/p>\n<p class=\"text-18 leading-17\">Die Ausstellung in der Expo-Halle im Rathausviertel l\u00e4uft nun bis Sonntag, 2. November. Die \u00d6ffnungszeiten sind montags bis mittwochs und an Sonn- und Feiertagen von 10 bis 18 Uhr. Freitags und samstags ist ein Besuch in der Zeit von 10 bis 20 Uhr m\u00f6glich. Nach der Station in Hamburg, geht es weiter nach Leipzig.<\/p>\n","protected":false},"excerpt":{"rendered":"Expo-Halle Titanic-Ausstellung geht in die Verl\u00e4ngerung 15.09.2025 &#8211; 09:13 UhrLesedauer: 2 Min. Impression aus der Ausstellung: Im Februar&hellip;\n","protected":false},"author":2,"featured_media":424034,"comment_status":"","ping_status":"","sticky":false,"template":"","format":"standard","meta":{"footnotes":""},"categories":[1826],"tags":[2076,29,40602,30,692,111243,18720],"class_list":{"0":"post-424033","1":"post","2":"type-post","3":"status-publish","4":"format-standard","5":"has-post-thumbnail","7":"category-hamburg","8":"tag-ausstellung","9":"tag-deutschland","10":"tag-expo","11":"tag-germany","12":"tag-hamburg","13":"tag-passierschiff","14":"tag-titanic"},"share_on_mastodon":{"url":"https:\/\/pubeurope.com\/@de\/115207090002015401","error":""},"_links":{"self":[{"href":"https:\/\/www.europesays.com\/de\/wp-json\/wp\/v2\/posts\/424033","targetHints":{"allow":["GET"]}}],"collection":[{"href":"https:\/\/www.europesays.com\/de\/wp-json\/wp\/v2\/posts"}],"about":[{"href":"https:\/\/www.europesays.com\/de\/wp-json\/wp\/v2\/types\/post"}],"author":[{"embeddable":true,"href":"https:\/\/www.europesays.com\/de\/wp-json\/wp\/v2\/users\/2"}],"replies":[{"embeddable":true,"href":"https:\/\/www.europesays.com\/de\/wp-json\/wp\/v2\/comments?post=424033"}],"version-history":[{"count":0,"href":"https:\/\/www.europesays.com\/de\/wp-json\/wp\/v2\/posts\/424033\/revisions"}],"wp:featuredmedia":[{"embeddable":true,"href":"https:\/\/www.europesays.com\/de\/wp-json\/wp\/v2\/media\/424034"}],"wp:attachment":[{"href":"https:\/\/www.europesays.com\/de\/wp-json\/wp\/v2\/media?parent=424033"}],"wp:term":[{"taxonomy":"category","embeddable":true,"href":"https:\/\/www.europesays.com\/de\/wp-json\/wp\/v2\/categories?post=424033"},{"taxonomy":"post_tag","embeddable":true,"href":"https:\/\/www.europesays.com\/de\/wp-json\/wp\/v2\/tags?post=424033"}],"curies":[{"name":"wp","href":"https:\/\/api.w.org\/{rel}","templated":true}]}}