{"id":424228,"date":"2025-09-15T09:05:10","date_gmt":"2025-09-15T09:05:10","guid":{"rendered":"https:\/\/www.europesays.com\/de\/424228\/"},"modified":"2025-09-15T09:05:10","modified_gmt":"2025-09-15T09:05:10","slug":"afd-waehler-in-demokratische-mitte-zurueckholen","status":"publish","type":"post","link":"https:\/\/www.europesays.com\/de\/424228\/","title":{"rendered":"AfD-W\u00e4hler in demokratische Mitte zur\u00fcckholen"},"content":{"rendered":"<p>\tAufgabe f\u00fcr den Oberb\u00fcrgermeister: AfD-W\u00e4hler in demokratische Mitte zur\u00fcckholen<\/p>\n<p>    <a class=\"skip-link screen-reader-text\" href=\"#content\">Zum Inhalt springen<\/a><br \/>\n    <a class=\"skip-link screen-reader-text\" href=\"#site-navigation\">Zur Navigation springen<\/a><\/p>\n<p>    <a href=\"https:\/\/www.dorstenerzeitung.de\/wp-content\/uploads\/2025\/09\/15\/08\/630_0900_5030600_Wahllokal_Kirchhellen-1648x824.jpg\" target=\"_blank\" rel=\"noopener\"><\/p>\n<p>            <img loading=\"lazy\" decoding=\"async\" src=\"https:\/\/www.europesays.com\/de\/wp-content\/uploads\/2025\/09\/630_0900_5030599_Wahllokal_Kirchhellen-640x428.jpg\" width=\"640\" height=\"428\"  alt=\"Wahllokal Bezirksverwaltungsstelle\"\/><\/p>\n<p>    <\/a><br \/>\n    Im Wahllokal Bezirksverwaltungsstelle lief der Wahlsonntag gut ab. \u00a9 Petra Berkenbusch<\/p>\n<p class=\"article__teaser-text\">Stichwahl in zwei Wochen. Matthias Buschfeld (SPD) und Frank Kien (CDU) werden sich das finale Duell liefern. Das neue Stadtoberhaupt hat eine klare Aufgabe, meint unsere Autorin.<\/p>\n<p>1 Min Lesezeit<\/p>\n<p>Schockierende 21,4 Prozent f\u00fcr die AfD<\/p>\n<p>\t\t\t<a class=\"external-button\" href=\"https:\/\/www.ruhr24jobs.de\/?utm_source=dz&amp;utm_medium=jobwidget&amp;utm_campaign=netzwerk\" target=\"_blank\" rel=\"noopener\">Mehr Jobs<\/a><\/p>\n<p>Wir haben festgestellt, dass Sie den Hohen Kontrast-Modus nutzen. Wir haben ihn darum auch auf unserer Seite f\u00fcr sie aktiviert:<\/p>\n<p>            Hoher Kontrast Modus\n        <\/p>\n<p>Sie k\u00f6nnen Ihn im <strong> Men\u00fc<\/strong> jederzeit ausschalten.<\/p>\n<p>    Alles klar<\/p>\n<p class=\"boxed centered\">\n\t\tSie sind bereits registriert?<br \/><a href=\"https:\/\/www.dorstenerzeitung.de\/login\/?redirect_to=http:\/\/kirchhellen\/meinung-aufgabe-oberbuergermeister-bottrop-afd-waehler-zurueckholen-stichwahl-kommunalwahl-2025-w1077661-4001794561\" target=\"_blank\" rel=\"noopener\">Hier einloggen<\/a>\n\t<\/p>\n","protected":false},"excerpt":{"rendered":"Aufgabe f\u00fcr den Oberb\u00fcrgermeister: AfD-W\u00e4hler in demokratische Mitte zur\u00fcckholen Zum Inhalt springen Zur Navigation springen Im Wahllokal Bezirksverwaltungsstelle&hellip;\n","protected":false},"author":2,"featured_media":424229,"comment_status":"","ping_status":"","sticky":false,"template":"","format":"standard","meta":{"footnotes":""},"categories":[1848],"tags":[3364,29,548,663,3934,3658,30,13,3648,3074,14,15,1209,12],"class_list":{"0":"post-424228","1":"post","2":"type-post","3":"status-publish","4":"format-standard","5":"has-post-thumbnail","7":"category-gelsenkirchen","8":"tag-de","9":"tag-deutschland","10":"tag-eu","11":"tag-europa","12":"tag-europe","13":"tag-gelsenkirchen","14":"tag-germany","15":"tag-headlines","16":"tag-lokalpolitik","17":"tag-meinung","18":"tag-nachrichten","19":"tag-news","20":"tag-nordrhein-westfalen","21":"tag-schlagzeilen"},"share_on_mastodon":{"url":"https:\/\/pubeurope.com\/@de\/115207518741983361","error":""},"_links":{"self":[{"href":"https:\/\/www.europesays.com\/de\/wp-json\/wp\/v2\/posts\/424228","targetHints":{"allow":["GET"]}}],"collection":[{"href":"https:\/\/www.europesays.com\/de\/wp-json\/wp\/v2\/posts"}],"about":[{"href":"https:\/\/www.europesays.com\/de\/wp-json\/wp\/v2\/types\/post"}],"author":[{"embeddable":true,"href":"https:\/\/www.europesays.com\/de\/wp-json\/wp\/v2\/users\/2"}],"replies":[{"embeddable":true,"href":"https:\/\/www.europesays.com\/de\/wp-json\/wp\/v2\/comments?post=424228"}],"version-history":[{"count":0,"href":"https:\/\/www.europesays.com\/de\/wp-json\/wp\/v2\/posts\/424228\/revisions"}],"wp:featuredmedia":[{"embeddable":true,"href":"https:\/\/www.europesays.com\/de\/wp-json\/wp\/v2\/media\/424229"}],"wp:attachment":[{"href":"https:\/\/www.europesays.com\/de\/wp-json\/wp\/v2\/media?parent=424228"}],"wp:term":[{"taxonomy":"category","embeddable":true,"href":"https:\/\/www.europesays.com\/de\/wp-json\/wp\/v2\/categories?post=424228"},{"taxonomy":"post_tag","embeddable":true,"href":"https:\/\/www.europesays.com\/de\/wp-json\/wp\/v2\/tags?post=424228"}],"curies":[{"name":"wp","href":"https:\/\/api.w.org\/{rel}","templated":true}]}}