{"id":424411,"date":"2025-09-15T10:46:24","date_gmt":"2025-09-15T10:46:24","guid":{"rendered":"https:\/\/www.europesays.com\/de\/424411\/"},"modified":"2025-09-15T10:46:24","modified_gmt":"2025-09-15T10:46:24","slug":"frankreichs-schuldenkrise-stellt-neue-regierung-vor-unloesbares-dilemma","status":"publish","type":"post","link":"https:\/\/www.europesays.com\/de\/424411\/","title":{"rendered":"Frankreichs Schuldenkrise stellt neue Regierung vor unl\u00f6sbares Dilemma"},"content":{"rendered":"<ol class=\"id-DonaldBreadcrumb lp_west_breadcrumb id-DonaldBreadcrumb--default\" data-k5a-pos=\"west_breadcrumb\">\n<li class=\"id-Breadcrumb-item\"><a href=\"https:\/\/www.fr.de\/\" class=\"id-Breadcrumb-link\" data-id-ec=\"{\" shn=\"\" textlink=\"\" data-k5a-pos=\"1_startseite\" rel=\"nofollow noopener\" target=\"_blank\">Startseite<\/a><\/li>\n<li class=\"id-Breadcrumb-item\"><a href=\"https:\/\/www.fr.de\/wirtschaft\/\" class=\"id-Breadcrumb-link\" data-id-ec=\"{\" shn=\"\" textlink=\"\" data-k5a-pos=\"2_wirtschaft\" rel=\"nofollow noopener\" target=\"_blank\">Wirtschaft<\/a><\/li>\n<\/ol>\n<p class=\"id-Story-timestamp id-Story-timestamp--default\">Stand: 15.09.2025, 09:49 Uhr<\/p>\n<p class=\"id-Story-authors id-Story-authors--default\">Von: <a class=\"id-Story-authors-link lp_west_author\" href=\"https:\/\/www.fr.de\/autor\/stefan-braendle-i0ortob07.html\" title=\"Zur Autorenseite von Stefan Br&#xE4;ndle\" data-id-ec=\"{\" shn=\"\" author-link=\"\" br=\"\" data-k5a-pos=\"west_author\" rel=\"nofollow noopener\" target=\"_blank\">Stefan Br\u00e4ndle<\/a><\/p>\n<p class=\"id-Story-interactionBar id-Story-interactionBar--default\">DruckenTeilen<\/p>\n<p class=\"id-StoryElement-leadText\">Die Kreditw\u00fcrdigkeit Frankreichs sinkt an den Finanzm\u00e4rkten. Das stellt die neue Regierung in Paris bei der Haushaltplanung vor ein unl\u00f6sbares Dilemma.<\/p>\n<p class=\"id-StoryElement-paragraph\">Ein \u201eA\u201c weniger. Die Ratingagentur Fitch hat die Bonit\u00e4t Frankreichs in der Nacht auf Samstag von AA- auf A+ gesenkt. Es ist die dritte Abstufung seit 2012, <a href=\"https:\/\/www.fr.de\/wirtschaft\/frankreich-crash-beunruhigt-oekonomen-schuldenquote-koennte-ueber-150-prozent-steigen-zr-93924791.html\" class=\"id-import-Link\" data-id-ec=\"{&quot;sht&quot;:&quot;Container&quot;,&quot;shn&quot;:&quot;Story&quot;,&quot;p&quot;:{&quot;containerType&quot;:&quot;Paragraph&quot;,&quot;displayType&quot;:&quot;Paragraph InlineLink&quot;,&quot;type&quot;:&quot;INLINE_LINK&quot;,&quot;value&quot;:&quot;als Frankreich das begehrte Triple-A (Dreifach-A) verloren hatte.&quot;,&quot;variant&quot;:&quot;standardLink&quot;,&quot;sponsored&quot;:false,&quot;linkHref&quot;:&quot;https:\/\/www.fr.de\/wirtschaft\/frankreich-crash-beunruhigt-oekonomen-schuldenquote-koennte-ueber-150-prozent-steigen-zr-93924791.html&quot;,&quot;storyElementPosition&quot;:8,&quot;storyElementCount&quot;:26}}\" rel=\"nofollow noopener\" target=\"_blank\">als Frankreich das begehrte Triple-A (Dreifach-A) verloren hatte.<\/a><\/p>\n<p class=\"id-StoryElement-paragraph\">Die Folgen des Bonit\u00e4ts-Verlustes halten sich f\u00fcr Frankreich vorerst in Grenzen. Fitch bescheinigt Frankreich ein nach wie vor \u201esehr geringes Ausfallrisiko\u201c. Die M\u00e4rkte haben den Entscheid antizipiert. Wenn die beiden anderen gro\u00dfen Agenturen, Moody\u2019s und S&amp;P, im traditionellen Herbst-Rating nachziehen, m\u00fcsste Frankreich allerdings immer h\u00f6here Kreditzinsen zahlen. Der \u201eSpread\u201c, das hei\u00dft der Zinsabstand zu Deutschland, w\u00e4chst unaufh\u00f6rlich.<\/p>\n<p><img decoding=\"async\" class=\"id-RatioPlaceholder-element wv_story_el_image\" src=\"https:\/\/www.europesays.com\/de\/wp-content\/uploads\/2025\/09\/39707380-newly-appointed-france-prime-minister-sebastien-lecornu-attends-meeting-as-he-visits-the-de.jpeg\" loading=\"lazy\"   height=\"733\" width=\"1100\" alt=\"Newly appointed France&#x2019;s Prime Minister Sebastien Lecornu (C) attends a meeting as he visits the departmental health center in Macon, central eastern France, on september 13, 2025. (Photo by JEFF PACHOUD \/ AFP)\"\/>Premierminister Sebastien\u00a0Lecornu am Samstag beim Besuch eines Gesundheitszentrums. \u00a9\u00a0Jeff Pachoud\/AFP<\/p>\n<p class=\"id-StoryElement-paragraph\">Und die Aussichten f\u00fcr Frankreich sind d\u00fcster. Das un\u00fcblich hohe Budgetdefizit von 5,4 Prozent d\u00fcrfte 2026 nur unwesentlich sinken; die Staatsschuld k\u00f6nnte dagegen laut Fitch von aktuell 114 Prozent auf 121 Prozent im Jahr 2027 klettern.<\/p>\n<p>Frankreichs Staatsf\u00fchrung hat keinen Ausweg aus der Finanzkrise<\/p>\n<p class=\"id-StoryElement-paragraph\">Gravierend ist f\u00fcr die franz\u00f6sische Staatsf\u00fchrung nicht nur die R\u00fcckstufung, sondern die erbarmungslose Analyse der Finanzlage Frankreichs durch Fitch. Sie zeigt auf, dass die franz\u00f6sische Staatsf\u00fchrung eigentlich gar keinen Ausweg aus der Finanzkrise hat. Entweder k\u00fcrzt sie die Sozialausgaben drastisch und riskiert noch heftigere Stra\u00dfenproteste. Oder sie limitiert die Einsparungen und wird daf\u00fcr von den Finanzm\u00e4rkten abgestraft.<\/p>\n<p class=\"id-StoryElement-paragraph\">Der zweitgr\u00f6\u00dften Volkswirtschaft der Europ\u00e4ischen Union hinter Deutschland droht laut Fitch in beiden F\u00e4llen eine \u201ezunehmende Instabilit\u00e4t\u201c. Der j\u00fcngste Regierungssturz und Wechsel des Premierministers \u2013 der f\u00fcnfte seit Beginn des letzten Jahres \u2013 haben laut der britisch-amerikanischen Agentur zur Folge, dass \u201ekein Plan\u201c f\u00fcr <a href=\"https:\/\/www.fr.de\/wirtschaft\/rekordschulden-was-frankreichs-krise-fuer-deutschland-bedeutet-zr-93931978.html\" class=\"id-import-Link\" data-id-ec=\"{&quot;sht&quot;:&quot;Container&quot;,&quot;shn&quot;:&quot;Story&quot;,&quot;p&quot;:{&quot;containerType&quot;:&quot;Paragraph&quot;,&quot;displayType&quot;:&quot;Paragraph InlineLink&quot;,&quot;type&quot;:&quot;INLINE_LINK&quot;,&quot;value&quot;:&quot;eine Senkung der Schuldenlast&quot;,&quot;variant&quot;:&quot;standardLink&quot;,&quot;sponsored&quot;:false,&quot;linkHref&quot;:&quot;https:\/\/www.fr.de\/wirtschaft\/rekordschulden-was-frankreichs-krise-fuer-deutschland-bedeutet-zr-93931978.html&quot;,&quot;storyElementPosition&quot;:17,&quot;storyElementCount&quot;:26}}\" rel=\"nofollow noopener\" target=\"_blank\">eine Senkung der Schuldenlast<\/a> erkennbar sei. \u201eDiese Instabilit\u00e4t schw\u00e4cht die F\u00e4higkeit des politischen Systems, eine substanzielle Haushaltskonsolidierung zu erreichen\u201c, folgert Fitsch.<\/p>\n<p>K\u00fcrzungen beim Sozialen oder Abstrafung durch Finanzmarkt: Ratingagentur r\u00e4umt Dilemma ein<\/p>\n<p class=\"id-StoryElement-paragraph\">Die Agentur r\u00e4umt ein, dass der neue Premier S\u00e9bastien Lecornu in einem unentrinnbaren Dilemma zwischen Sozialforderungen und Finanznot stecke. Eigentlich m\u00fcsste er aus der Sicht der Agentur wie sein Vorg\u00e4nger Fran\u00e7ois Bayrou am Budget 2026 milliardenschwere Abstriche vornehmen. Lecornu schickte allerdings zuerst ein innenpolitisches Signal: Am Samstag erkl\u00e4rte der konservative Regierungschef, er werde die von Bayrou geplante und in der Bev\u00f6lkerung sehr unpopul\u00e4re Streichung von zwei Feiertagen (Ostermontag und der 8. Mai f\u00fcr das Ende des Zweiten Weltkrieges) zur\u00fccknehmen.<\/p>\n<blockquote class=\"id-StoryElement-blockquote\">\n<p class=\"id-StoryElement-blockquote-text\">\u201eEin Land, dessen ,Eliten\u2018 es dazu bringen, die Wahrheit abzulehnen, ist dazu verurteilt, den Preis daf\u00fcr zu zahlen.\u201c<\/p>\n<\/blockquote>\n<p class=\"id-StoryElement-paragraph\">Der Entscheid ist politisch klug. Kompensiert Lecornu den taktischen R\u00fcckzieher aber nicht anderweitig mit Einsparungen oder Steuererh\u00f6hungen, w\u00fcrde der Haushalt im kommenden Jahr zweifellos ein \u00e4hnlich hohes Defizit von mehr als f\u00fcnf Prozent aufweisen \u2013 ein klares Zeichen fehlenden Sparwillens. Das w\u00e4re inakzeptabel f\u00fcr die <a href=\"https:\/\/www.fr.de\/politik\/eu-europaeische-union-mitgliedstaaten-laender-gruendung-von-der-leyen-ziele-91385429.html\" class=\"id-import-Link\" data-id-ec=\"{&quot;sht&quot;:&quot;Container&quot;,&quot;shn&quot;:&quot;Story&quot;,&quot;p&quot;:{&quot;containerType&quot;:&quot;Paragraph&quot;,&quot;displayType&quot;:&quot;Paragraph InlineLink&quot;,&quot;type&quot;:&quot;INLINE_LINK&quot;,&quot;value&quot;:&quot;EU&quot;,&quot;variant&quot;:&quot;standardLink&quot;,&quot;sponsored&quot;:false,&quot;linkHref&quot;:&quot;https:\/\/www.fr.de\/politik\/eu-europaeische-union-mitgliedstaaten-laender-gruendung-von-der-leyen-ziele-91385429.html&quot;,&quot;storyElementPosition&quot;:22,&quot;storyElementCount&quot;:26}}\" rel=\"nofollow noopener\" target=\"_blank\">EU<\/a> und die Europ\u00e4ische Zentralbank und w\u00fcrde die Zinsen an den Finanzm\u00e4rkten hochtreiben.<\/p>\n<p>Lecornu k\u00f6nnte K\u00fcrzungen beim Sozialen durch Steuererh\u00f6hungen f\u00fcr Superreiche entgehen<\/p>\n<p class=\"id-StoryElement-paragraph\">Lecornu kann aber die Landesblockade von letzter Woche und die Streiks und Massenproteste der n\u00e4chsten Tage nicht einfach ignorieren. Auch die Linksopposition verlangt mehr, nicht weniger Sozialleistungen. F\u00fcr den Fall, dass Lecornu dennoch auf dem Sparpedal steht, hat sie am Wochenende bereits mit einem neuen Regierungssturz gedroht. <\/p>\n<p class=\"id-StoryElement-paragraph\">Vieles deutet darauf hin, dass Lecornu letztlich versuchen wird, sich mit Steuererh\u00f6hungen aus der Aff\u00e4re zu ziehen. Vermutlich werden die Gro\u00dfverdiener:innen den Kopf hinhalten m\u00fcssen: Lecornu will dem Vernehmen nach diesen \u201eultrariches\u201c (Superreiche) eine Sondersteuer auferlegen. Fitch warnt aber, dass Frankreich mit einer Abgabequote von jetzt schon 46 Prozent (bei 40 Prozent im EU-Schnitt) das Maximum einer zumutbaren Steuerbelastung erreicht habe. In Frankreich ist allerdings die Meinung verbreitet, dass es bei der Besteuerung der h\u00f6chsten Einkommen noch eine Marge gibt.<\/p>\n","protected":false},"excerpt":{"rendered":"Startseite Wirtschaft Stand: 15.09.2025, 09:49 Uhr Von: Stefan Br\u00e4ndle DruckenTeilen Die Kreditw\u00fcrdigkeit Frankreichs sinkt an den Finanzm\u00e4rkten. Das&hellip;\n","protected":false},"author":2,"featured_media":424412,"comment_status":"","ping_status":"","sticky":false,"template":"","format":"standard","meta":{"footnotes":""},"categories":[3974],"tags":[331,332,548,663,3934,3980,156,13,14,15,12],"class_list":{"0":"post-424411","1":"post","2":"type-post","3":"status-publish","4":"format-standard","5":"has-post-thumbnail","7":"category-frankreich","8":"tag-aktuelle-nachrichten","9":"tag-aktuelle-news","10":"tag-eu","11":"tag-europa","12":"tag-europe","13":"tag-france","14":"tag-frankreich","15":"tag-headlines","16":"tag-nachrichten","17":"tag-news","18":"tag-schlagzeilen"},"share_on_mastodon":{"url":"https:\/\/pubeurope.com\/@de\/115207915909746522","error":""},"_links":{"self":[{"href":"https:\/\/www.europesays.com\/de\/wp-json\/wp\/v2\/posts\/424411","targetHints":{"allow":["GET"]}}],"collection":[{"href":"https:\/\/www.europesays.com\/de\/wp-json\/wp\/v2\/posts"}],"about":[{"href":"https:\/\/www.europesays.com\/de\/wp-json\/wp\/v2\/types\/post"}],"author":[{"embeddable":true,"href":"https:\/\/www.europesays.com\/de\/wp-json\/wp\/v2\/users\/2"}],"replies":[{"embeddable":true,"href":"https:\/\/www.europesays.com\/de\/wp-json\/wp\/v2\/comments?post=424411"}],"version-history":[{"count":0,"href":"https:\/\/www.europesays.com\/de\/wp-json\/wp\/v2\/posts\/424411\/revisions"}],"wp:featuredmedia":[{"embeddable":true,"href":"https:\/\/www.europesays.com\/de\/wp-json\/wp\/v2\/media\/424412"}],"wp:attachment":[{"href":"https:\/\/www.europesays.com\/de\/wp-json\/wp\/v2\/media?parent=424411"}],"wp:term":[{"taxonomy":"category","embeddable":true,"href":"https:\/\/www.europesays.com\/de\/wp-json\/wp\/v2\/categories?post=424411"},{"taxonomy":"post_tag","embeddable":true,"href":"https:\/\/www.europesays.com\/de\/wp-json\/wp\/v2\/tags?post=424411"}],"curies":[{"name":"wp","href":"https:\/\/api.w.org\/{rel}","templated":true}]}}