{"id":424623,"date":"2025-09-15T12:45:13","date_gmt":"2025-09-15T12:45:13","guid":{"rendered":"https:\/\/www.europesays.com\/de\/424623\/"},"modified":"2025-09-15T12:45:13","modified_gmt":"2025-09-15T12:45:13","slug":"berlin-brandenburg-sanierung-von-tegel-terminal-a-verzoegert-sich-wohl-bis-2035","status":"publish","type":"post","link":"https:\/\/www.europesays.com\/de\/424623\/","title":{"rendered":"Berlin &#038; Brandenburg: Sanierung von Tegel-Terminal A verz\u00f6gert sich wohl bis 2035"},"content":{"rendered":"<p>                    Berlin &amp; Brandenburg<br \/>\n                Sanierung von Tegel-Terminal A verz\u00f6gert sich wohl bis 2035<\/p>\n<p>\t\t\t\t              15.09.2025, 14:36 Uhr<\/p>\n<p><strong>Das alte Terminal A in Tegel soll saniert werden. Das k\u00f6nnte nun bis 2035 dauern. Die Baukosten steigen in einer Prognose der Verwaltung auf mehr als 830 Millionen Euro.<\/strong><\/p>\n<p>Berlin (dpa\/bb) &#8211; Die Sanierung des Flughafenterminals A in Tegel wird aller Voraussicht nach deutlich l\u00e4nger dauern. Die Senatsverwaltung f\u00fcr Stadtentwicklung rechnet derzeit mit der Fertigstellung im Jahr 2035 &#8211; statt 2030. Das geht aus Unterlagen der Senatsverwaltung f\u00fcr das Abgeordnetenhaus hervor. Zun\u00e4chst berichtete der &#8222;Tagesspiegel&#8220; dar\u00fcber.<\/p>\n<p>Aus den Unterlagen geht auch hervor, dass die Kosten deutlich steigen d\u00fcrften. Urspr\u00fcnglich veranschlagt waren 450 Millionen Euro. Die Senatsverwaltung plante angesichts steigender Baukosten aber bereits mit 650 Millionen Euro bei einer Fertigstellung im Jahr 2030. F\u00fcr eine Fertigstellung im Jahr 2035 rechnet die Verwaltung die Kosten auf rund 833 Millionen Euro hoch.<\/p>\n<p>Hochschule f\u00fcr Technik soll in Terminal A einziehen<\/p>\n<p>Wie der &#8222;Tagesspiegel&#8220; berichtet, verschiebt sich die Fertigstellung aufgrund fehlenden Geldes. Im kommenden Doppelhaushalt 2026\/27 seien die Summen f\u00fcr das Projekt &#8222;so bemessen, dass der Gro\u00dfteil der Baumittel erst nach 2030 zur Verf\u00fcgung steht&#8220;, zitiert die Zeitung eine Sprecherin der Bauverwaltung. Den Unterlagen der Bauverwaltung zufolge sind 2026 lediglich 4 Millionen Euro f\u00fcr das Projekt eingeplant, 2027 dann 15 Millionen, 2028 20 Millionen und 2029 dann 40 Millionen. Der gro\u00dfe Rest von mehr als 370 Millionen Euro ist ab 2030 eingeplant.\u00a0<\/p>\n<p>Den Unterlagen der Bauverwaltung zufolge hat die eigentliche Sanierung noch nicht begonnen. &#8222;Die vorgezogenen Ma\u00dfnahmen umfassen die R\u00fcckbauarbeiten und Schadstoffbeseitigung und werden bis voraussichtlich Anfang 2026 abgeschlossen sein&#8220;, hei\u00dft es im Bericht der Bauverwaltung. Erst danach beginne die Hauptma\u00dfnahme.\u00a0<\/p>\n<p>In dem alten Flughafenterminal sollen Teile der Berliner Hochschule f\u00fcr Technik unterkommen. Laut &#8222;Tagesspiegel&#8220; sollte sie urspr\u00fcnglich schon 2027 in das Geb\u00e4ude einziehen.<\/p>\n","protected":false},"excerpt":{"rendered":"Berlin &amp; Brandenburg Sanierung von Tegel-Terminal A verz\u00f6gert sich wohl bis 2035 15.09.2025, 14:36 Uhr Das alte Terminal&hellip;\n","protected":false},"author":2,"featured_media":424624,"comment_status":"","ping_status":"","sticky":false,"template":"","format":"standard","meta":{"footnotes":""},"categories":[1816],"tags":[1960,1958,1959,1957,296,1956,1890,29,30,4108,111337],"class_list":{"0":"post-424623","1":"post","2":"type-post","3":"status-publish","4":"format-standard","5":"has-post-thumbnail","7":"category-brandenburg","8":"tag-aktuelle-nachrichten-aus-berlin-und-brandenburg","9":"tag-aktuelle-nachrichten-aus-brandenburg","10":"tag-aktuelle-news-aus-berlin-und-brandenburg","11":"tag-aktuelle-news-aus-brandenburg","12":"tag-berlin","13":"tag-berlin-und-brandenburg","14":"tag-brandenburg","15":"tag-deutschland","16":"tag-germany","17":"tag-sanierung","18":"tag-tegel-terminal"},"share_on_mastodon":{"url":"https:\/\/pubeurope.com\/@de\/115208383662054125","error":""},"_links":{"self":[{"href":"https:\/\/www.europesays.com\/de\/wp-json\/wp\/v2\/posts\/424623","targetHints":{"allow":["GET"]}}],"collection":[{"href":"https:\/\/www.europesays.com\/de\/wp-json\/wp\/v2\/posts"}],"about":[{"href":"https:\/\/www.europesays.com\/de\/wp-json\/wp\/v2\/types\/post"}],"author":[{"embeddable":true,"href":"https:\/\/www.europesays.com\/de\/wp-json\/wp\/v2\/users\/2"}],"replies":[{"embeddable":true,"href":"https:\/\/www.europesays.com\/de\/wp-json\/wp\/v2\/comments?post=424623"}],"version-history":[{"count":0,"href":"https:\/\/www.europesays.com\/de\/wp-json\/wp\/v2\/posts\/424623\/revisions"}],"wp:featuredmedia":[{"embeddable":true,"href":"https:\/\/www.europesays.com\/de\/wp-json\/wp\/v2\/media\/424624"}],"wp:attachment":[{"href":"https:\/\/www.europesays.com\/de\/wp-json\/wp\/v2\/media?parent=424623"}],"wp:term":[{"taxonomy":"category","embeddable":true,"href":"https:\/\/www.europesays.com\/de\/wp-json\/wp\/v2\/categories?post=424623"},{"taxonomy":"post_tag","embeddable":true,"href":"https:\/\/www.europesays.com\/de\/wp-json\/wp\/v2\/tags?post=424623"}],"curies":[{"name":"wp","href":"https:\/\/api.w.org\/{rel}","templated":true}]}}