{"id":425266,"date":"2025-09-15T18:33:30","date_gmt":"2025-09-15T18:33:30","guid":{"rendered":"https:\/\/www.europesays.com\/de\/425266\/"},"modified":"2025-09-15T18:33:30","modified_gmt":"2025-09-15T18:33:30","slug":"hamburg-schleswig-holstein-fussball-manager-geht-von-holstein-kiel-zu-preussen-muenster","status":"publish","type":"post","link":"https:\/\/www.europesays.com\/de\/425266\/","title":{"rendered":"Hamburg &#038; Schleswig-Holstein: Fu\u00dfball-Manager geht von Holstein Kiel zu Preu\u00dfen M\u00fcnster"},"content":{"rendered":"<p>                    Hamburg &amp; Schleswig-Holstein<br \/>\n                Fu\u00dfball-Manager geht von Holstein Kiel zu Preu\u00dfen M\u00fcnster<\/p>\n<p>\t\t\t\t              15.09.2025, 16:50 Uhr<\/p>\n<p><strong>Zehn Jahre arbeitete Jan Uphues f\u00fcr Holstein Kiel. Jetzt wird er Sportdirektor bei einem Zweitliga-Konkurrenten.<\/strong><\/p>\n<p>Kiel (dpa\/lno) &#8211; Mitten in der Saison der 2. Fu\u00dfball-Bundesliga verliert Holstein Kiel seinen Direktor Lizenzfu\u00dfball an einen Ligakonkurrenten. Der 37-j\u00e4hrige Jan Uphues wechselt nach zehn Jahren bei den &#8222;St\u00f6rchen&#8220; als Sportdirektor zu Preu\u00dfen M\u00fcnster. Sein Vertrag werde zum 30. September im beidseitigen Einvernehmen aufgel\u00f6st, teilten die Kieler mit.\u00a0<\/p>\n<p>Uphues arbeitete bei Holstein als Nachwuchstrainer, in der Marketing- und Vertriebsabteilung und als Teammanager, eher er nach dem Bundesliga-Aufstieg 2024 zum Direktor der Lizenzspielerabteilung bef\u00f6rdert wurde. &#8222;Er hat die so positive Entwicklung von Holstein auf allen Ebenen in seinen unterschiedlichen Funktionen mitgestaltet und -gepr\u00e4gt&#8220;, sagte der Gesch\u00e4ftsf\u00fchrer Olaf Rebbe.<\/p>\n","protected":false},"excerpt":{"rendered":"Hamburg &amp; Schleswig-Holstein Fu\u00dfball-Manager geht von Holstein Kiel zu Preu\u00dfen M\u00fcnster 15.09.2025, 16:50 Uhr Zehn Jahre arbeitete Jan&hellip;\n","protected":false},"author":2,"featured_media":425267,"comment_status":"","ping_status":"","sticky":false,"template":"","format":"standard","meta":{"footnotes":""},"categories":[1852],"tags":[3364,29,548,663,3934,111500,30,692,13,29068,4949,8970,14,15,38895,12,1971],"class_list":{"0":"post-425266","1":"post","2":"type-post","3":"status-publish","4":"format-standard","5":"has-post-thumbnail","7":"category-kiel","8":"tag-de","9":"tag-deutschland","10":"tag-eu","11":"tag-europa","12":"tag-europe","13":"tag-fuball-manager","14":"tag-germany","15":"tag-hamburg","16":"tag-headlines","17":"tag-holstein","18":"tag-kiel","19":"tag-muenster","20":"tag-nachrichten","21":"tag-news","22":"tag-preuen","23":"tag-schlagzeilen","24":"tag-schleswig-holstein"},"share_on_mastodon":{"url":"https:\/\/pubeurope.com\/@de\/115209752165115530","error":""},"_links":{"self":[{"href":"https:\/\/www.europesays.com\/de\/wp-json\/wp\/v2\/posts\/425266","targetHints":{"allow":["GET"]}}],"collection":[{"href":"https:\/\/www.europesays.com\/de\/wp-json\/wp\/v2\/posts"}],"about":[{"href":"https:\/\/www.europesays.com\/de\/wp-json\/wp\/v2\/types\/post"}],"author":[{"embeddable":true,"href":"https:\/\/www.europesays.com\/de\/wp-json\/wp\/v2\/users\/2"}],"replies":[{"embeddable":true,"href":"https:\/\/www.europesays.com\/de\/wp-json\/wp\/v2\/comments?post=425266"}],"version-history":[{"count":0,"href":"https:\/\/www.europesays.com\/de\/wp-json\/wp\/v2\/posts\/425266\/revisions"}],"wp:featuredmedia":[{"embeddable":true,"href":"https:\/\/www.europesays.com\/de\/wp-json\/wp\/v2\/media\/425267"}],"wp:attachment":[{"href":"https:\/\/www.europesays.com\/de\/wp-json\/wp\/v2\/media?parent=425266"}],"wp:term":[{"taxonomy":"category","embeddable":true,"href":"https:\/\/www.europesays.com\/de\/wp-json\/wp\/v2\/categories?post=425266"},{"taxonomy":"post_tag","embeddable":true,"href":"https:\/\/www.europesays.com\/de\/wp-json\/wp\/v2\/tags?post=425266"}],"curies":[{"name":"wp","href":"https:\/\/api.w.org\/{rel}","templated":true}]}}