{"id":425961,"date":"2025-09-16T01:01:10","date_gmt":"2025-09-16T01:01:10","guid":{"rendered":"https:\/\/www.europesays.com\/de\/425961\/"},"modified":"2025-09-16T01:01:10","modified_gmt":"2025-09-16T01:01:10","slug":"berlin-brandenburg-unfall-mit-einsatzfahrzeug-drei-polizisten-schwer-verletzt","status":"publish","type":"post","link":"https:\/\/www.europesays.com\/de\/425961\/","title":{"rendered":"Berlin &#038; Brandenburg: Unfall mit Einsatzfahrzeug: Drei Polizisten schwer verletzt"},"content":{"rendered":"<p>                    Berlin &amp; Brandenburg<br \/>\n                Unfall mit Einsatzfahrzeug: Drei Polizisten schwer verletzt<\/p>\n<p>\t\t\t\t              15.09.2025, 18:41 Uhr<\/p>\n<p><strong>Polizeibeamte werden zu einem Einsatz alarmiert und sind in Wilmersdorf unterwegs. Auf einer Kreuzung kommt es zum Zusammensto\u00df.<\/strong><\/p>\n<p>Berlin (dpa\/bb) &#8211; Bei der Kollision eines Polizeifahrzeugs mit einem Auto sind in Berlin-Wilmersdorf vier Menschen verletzt worden. Drei Polizeibeamte erlitten schwere Verletzungen, auch ein Pkw-Insasse sei verletzt worden, sagte Polizeisprecher Florian Nath am Abend auf der Plattform X.\u00a0<\/p>\n<p>Nach Angaben der Feuerwehr vom sp\u00e4ten Abend schwebt ein Polizist in Lebensgefahr. Er sei mit einem Hubschrauber in eine Klinik gebracht worden. Die anderen Verletzten wurden mit Rettungswagen in Krankenh\u00e4user gebracht.<\/p>\n<p>Nach Angaben von Nath war das Polizeiauto am sp\u00e4ten Nachmittag zu einem Einsatz unterwegs \u2013 mit Sonder- und Wegerechten, also gegebenenfalls mit Blaulicht oder Martinshorn. An der Kreuzung Konstanzer Stra\u00dfe\/Wittelsbacher Stra\u00dfe sei das Einsatzfahrzeug dann mit dem Pkw zusammengesto\u00dfen.<\/p>\n<p>GdP warnt vor Risiken<\/p>\n<p>Zur Unfallursache sei noch nichts bekannt, sagte der Polizeisprecher. Die Feuerwehr sei mit vielen Kr\u00e4ften vor Ort, die Verletzten w\u00fcrden in Rettungswagen versorgt. Die Konstanzer Stra\u00dfe sei zwischen Z\u00e4hringer Stra\u00dfe und Brandenburgischer Stra\u00dfe gesperrt. Das Verkehrsunfallkommando der Polizei werde die Ermittlungen zum Unfallhergang \u00fcbernehmen.<\/p>\n<p>Eilfahrten mit Sonder- und Wegerechten von Polizei und Feuerwehr bergen nach Angaben der Gewerkschaft der Polizei (GdP) stets ein hohes Risiko &#8211; weil es in der Regel um Hilfe f\u00fcr Menschen in Not gehe. Wenn jede Minuten z\u00e4hle, lie\u00dfen sich Unf\u00e4lle wie der in Wilmersdorf trotz hoher Aufmerksamkeit der Einsatzkr\u00e4fte nie komplett verhindern, erkl\u00e4rte die GdP Berlin.<\/p>\n","protected":false},"excerpt":{"rendered":"Berlin &amp; Brandenburg Unfall mit Einsatzfahrzeug: Drei Polizisten schwer verletzt 15.09.2025, 18:41 Uhr Polizeibeamte werden zu einem Einsatz&hellip;\n","protected":false},"author":2,"featured_media":425962,"comment_status":"","ping_status":"","sticky":false,"template":"","format":"standard","meta":{"footnotes":""},"categories":[1816],"tags":[1960,1958,1959,1957,296,1956,1890,29,8699,3046,30,8813,1284],"class_list":{"0":"post-425961","1":"post","2":"type-post","3":"status-publish","4":"format-standard","5":"has-post-thumbnail","7":"category-brandenburg","8":"tag-aktuelle-nachrichten-aus-berlin-und-brandenburg","9":"tag-aktuelle-nachrichten-aus-brandenburg","10":"tag-aktuelle-news-aus-berlin-und-brandenburg","11":"tag-aktuelle-news-aus-brandenburg","12":"tag-berlin","13":"tag-berlin-und-brandenburg","14":"tag-brandenburg","15":"tag-deutschland","16":"tag-drei","17":"tag-einsatzfahrzeug","18":"tag-germany","19":"tag-polizisten","20":"tag-unfall"},"share_on_mastodon":{"url":"https:\/\/pubeurope.com\/@de\/115211278180539977","error":""},"_links":{"self":[{"href":"https:\/\/www.europesays.com\/de\/wp-json\/wp\/v2\/posts\/425961","targetHints":{"allow":["GET"]}}],"collection":[{"href":"https:\/\/www.europesays.com\/de\/wp-json\/wp\/v2\/posts"}],"about":[{"href":"https:\/\/www.europesays.com\/de\/wp-json\/wp\/v2\/types\/post"}],"author":[{"embeddable":true,"href":"https:\/\/www.europesays.com\/de\/wp-json\/wp\/v2\/users\/2"}],"replies":[{"embeddable":true,"href":"https:\/\/www.europesays.com\/de\/wp-json\/wp\/v2\/comments?post=425961"}],"version-history":[{"count":0,"href":"https:\/\/www.europesays.com\/de\/wp-json\/wp\/v2\/posts\/425961\/revisions"}],"wp:featuredmedia":[{"embeddable":true,"href":"https:\/\/www.europesays.com\/de\/wp-json\/wp\/v2\/media\/425962"}],"wp:attachment":[{"href":"https:\/\/www.europesays.com\/de\/wp-json\/wp\/v2\/media?parent=425961"}],"wp:term":[{"taxonomy":"category","embeddable":true,"href":"https:\/\/www.europesays.com\/de\/wp-json\/wp\/v2\/categories?post=425961"},{"taxonomy":"post_tag","embeddable":true,"href":"https:\/\/www.europesays.com\/de\/wp-json\/wp\/v2\/tags?post=425961"}],"curies":[{"name":"wp","href":"https:\/\/api.w.org\/{rel}","templated":true}]}}