{"id":426036,"date":"2025-09-16T01:42:44","date_gmt":"2025-09-16T01:42:44","guid":{"rendered":"https:\/\/www.europesays.com\/de\/426036\/"},"modified":"2025-09-16T01:42:44","modified_gmt":"2025-09-16T01:42:44","slug":"dieter-hecking-nach-nur-fuenf-spieltagen-trennt-sich-der-vfl-bochum-von-seinem-trainer","status":"publish","type":"post","link":"https:\/\/www.europesays.com\/de\/426036\/","title":{"rendered":"Dieter Hecking: Nach nur f\u00fcnf Spieltagen trennt sich der VfL Bochum von seinem Trainer"},"content":{"rendered":"<p>Der VfL Bochum hat seinen Trainer Dieter Hecking entlassen. Der 61-J\u00e4hrige ist nicht der Einzige, der gehen muss. Auch der Sportvorstand, der Hecking am Wochenende noch den R\u00fccken st\u00e4rkte, wurde beurlaubt.<\/p>\n<p class=\"is-first-paragraph\" data-external=\"Article.FirstParagraph\">Bundesliga-Absteiger VfL Bochum hat sich nach dem Fehlstart in die Zweitliga-Saison von Trainer Dieter Hecking und Sportchef Dirk Dufner getrennt. Diesen in der Form durchaus \u00fcberraschenden Schritt teilte der VfL am Montag mit, kurz bevor das Training h\u00e4tte stattfinden sollen.<\/p>\n<p>Die f\u00fcr 15 Uhr geplante Einheit wurde abgesagt. Bis auf Weiteres soll der eigentliche A-Jugend-Coach der Bochumer, David Siebers, die Profis \u00fcbernehmen. N\u00e4her will sich der VfL erst am Dienstag \u00e4u\u00dfern. <\/p>\n<p>Die Westfalen sind nach dem Abstieg mit nur drei Punkten aus den ersten f\u00fcnf Spielen schlecht in die neue Saison gestartet und liegen derzeit nur auf Platz 16. Am Freitag hatte Bochum 0:1 beim SC Paderborn verloren. Trotz der angespannten Lage hatte Dufner anschlie\u00dfend Hecking noch R\u00fcckendeckung gegeben. Nun m\u00fcssen beide gehen. Dufner hatte sein Amt erst im April angetreten. <\/p>\n<p>Der Klub begr\u00fcndete diesen Schritt mit der ausbleibenden Entwicklung der Mannschaft. Hecking hatte den VfL im vergangenen November \u00fcbernommen, im Abstiegskampf der ersten Liga zun\u00e4chst stabilisiert, den Abstieg am Ende aber nicht verhindern k\u00f6nnen.<\/p>\n<p>Direkter Wiederaufstieg als Ziel<\/p>\n<p>Bochum ging trotzdem mit dem 61-J\u00e4hrigen in die neue Saison und verl\u00e4ngerte den Vertrag mit dem Cheftrainer bis 2027. Hecking gab als Ziel den direkten Wiederaufstieg aus. <\/p>\n<p>Dufner st\u00e4rkte Hecking nach der Niederlage in Paderborn noch den R\u00fccken: \u201eWir hocken jetzt nat\u00fcrlich in der Schei\u00dfe und m\u00fcssen schauen, wie wir da wieder rauskommen. Es gibt intern keine Zweifel am Trainer. Traditionell f\u00e4ngt der Abstiegskampf um die Jahreszeit noch nicht an. Aber wir m\u00fcssen die Situation extrem ernst nehmen.\u201c<\/p>\n<p>Hecking hoffte nach der Niederlage noch darauf, die Mannschaft aus dem Tabellenkeller f\u00fchren zu k\u00f6nnen. \u201eDass die Fans aufgebracht sind, daf\u00fcr muss man Verst\u00e4ndnis haben. Wir haben Probleme\u201c, sagte Hecking, der Ratlosigkeit aber von sich wies: \u201eIch bin nicht ratlos. Wir m\u00fcssen zusammen den Weg finden, da rauszukommen.\u201c Dies wird Hecking nach der Entlassung nicht mehr k\u00f6nnen.<\/p>\n<p>step<\/p>\n","protected":false},"excerpt":{"rendered":"Der VfL Bochum hat seinen Trainer Dieter Hecking entlassen. Der 61-J\u00e4hrige ist nicht der Einzige, der gehen muss.&hellip;\n","protected":false},"author":2,"featured_media":426037,"comment_status":"","ping_status":"","sticky":false,"template":"","format":"standard","meta":{"footnotes":""},"categories":[1839],"tags":[7507,3364,29,22723,30,16308,1209,8173,82100],"class_list":{"0":"post-426036","1":"post","2":"type-post","3":"status-publish","4":"format-standard","5":"has-post-thumbnail","7":"category-bochum","8":"tag-bochum","9":"tag-de","10":"tag-deutschland","11":"tag-dieter","12":"tag-germany","13":"tag-hecking","14":"tag-nordrhein-westfalen","15":"tag-vfl-bochum","16":"tag-zweite-bundesliga-geo-d-ks"},"share_on_mastodon":{"url":"https:\/\/pubeurope.com\/@de\/115211438893524373","error":""},"_links":{"self":[{"href":"https:\/\/www.europesays.com\/de\/wp-json\/wp\/v2\/posts\/426036","targetHints":{"allow":["GET"]}}],"collection":[{"href":"https:\/\/www.europesays.com\/de\/wp-json\/wp\/v2\/posts"}],"about":[{"href":"https:\/\/www.europesays.com\/de\/wp-json\/wp\/v2\/types\/post"}],"author":[{"embeddable":true,"href":"https:\/\/www.europesays.com\/de\/wp-json\/wp\/v2\/users\/2"}],"replies":[{"embeddable":true,"href":"https:\/\/www.europesays.com\/de\/wp-json\/wp\/v2\/comments?post=426036"}],"version-history":[{"count":0,"href":"https:\/\/www.europesays.com\/de\/wp-json\/wp\/v2\/posts\/426036\/revisions"}],"wp:featuredmedia":[{"embeddable":true,"href":"https:\/\/www.europesays.com\/de\/wp-json\/wp\/v2\/media\/426037"}],"wp:attachment":[{"href":"https:\/\/www.europesays.com\/de\/wp-json\/wp\/v2\/media?parent=426036"}],"wp:term":[{"taxonomy":"category","embeddable":true,"href":"https:\/\/www.europesays.com\/de\/wp-json\/wp\/v2\/categories?post=426036"},{"taxonomy":"post_tag","embeddable":true,"href":"https:\/\/www.europesays.com\/de\/wp-json\/wp\/v2\/tags?post=426036"}],"curies":[{"name":"wp","href":"https:\/\/api.w.org\/{rel}","templated":true}]}}