{"id":426073,"date":"2025-09-16T02:04:16","date_gmt":"2025-09-16T02:04:16","guid":{"rendered":"https:\/\/www.europesays.com\/de\/426073\/"},"modified":"2025-09-16T02:04:16","modified_gmt":"2025-09-16T02:04:16","slug":"dynamo-dresden-schrecksekunde-so-steht-es-um-neuzugang-pauli-sport","status":"publish","type":"post","link":"https:\/\/www.europesays.com\/de\/426073\/","title":{"rendered":"Dynamo Dresden: Schrecksekunde! So steht es um Neuzugang Pauli | Sport"},"content":{"rendered":"<p><b>Neuzugang Julian Pauli (20) musste ausgerechnet bei seiner Premiere f\u00fcr Dynamo Dresden beim 2:2 in Elversberg vorzeitig vom Platz, verletzte sich am Oberschenkel. <\/b><\/p>\n<p>\u201eEs ist beim Absprung passiert\u201c, kl\u00e4rt der Innenverteidiger auf. Erste Vermutung: Zerrung oder sogar Muskelfaserriss. Doch der Neue gibt Entwarnung: \u201eEs ist halb so wild, nix Schlimmeres. Ich denke schon, dass man n\u00e4chste Woche wieder mit mir rechnen kann.\u201c<\/p>\n<p>Mehr zum Thema<\/p>\n<p><b>W\u00e4re ihm zu w\u00fcnschen. Denn der Jung-Profi, f\u00fcr den in der 64. Minute Schluss war, hatte in letzter Zeit gen\u00fcgend Verletzungspech. Im vergangenen Winter setzte ihn eine heftige Gehirnersch\u00fctterung wochenlang au\u00dfer Gefecht, in der Saisonvorbereitung f\u00fchrte ein B\u00e4nderriss im Sprunggelenk zur Zwangspause.<\/b><\/p>\n<p>Den Last-Minute-Ausgleich der SVE in der Nachspielzeit musste Pauli von der Bank aus mit ansehen. Sind das jetzt zwei verlorene Punkte \u2013 oder ein gewonnener?<\/p>\n<p><b>\u201eSchwierig zu sagen. Wir wussten, dass es in Elversberg nicht einfach wird, die Jungs k\u00f6nnen gut zocken\u201c, meint der Defensivmann, der <\/b><a href=\"https:\/\/www.bild.de\/sport\/fussball\/1-fc-koeln-naechster-fc-profi-weg-dresden-holt-koeln-abraeumer-julian-pauli-68b02a14d492032667a5d8d6\" class=\"text-link\" target=\"_blank\" rel=\"noopener\"><b>vom 1. FC K\u00f6ln ausgeliehen<\/b><\/a><b> ist. \u201eAber klar, wenn es in der 90. Minute 2:1 steht, willst du die drei Punkte mitnehmen. Das ist \u00e4rgerlich.\u201c<\/b><\/p>\n<p><img decoding=\"async\" width=\"992\" height=\"558\" alt=\"Gleich f\u00e4llt der sp\u00e4te Ausgleich: Elversbergs Younes Ebnoutalib (l.) kommt f\u00f6rmlich angeflogen \u2013 und Dynamos Sascha Risch zu sp\u00e4t\" src=\"https:\/\/www.europesays.com\/de\/wp-content\/uploads\/2025\/09\/f0f8924bae6ab20ea08a8dbd03296770,3630a24e\"   class=\"landscape\" loading=\"lazy\"\/><\/p>\n<p class=\"fig__caption__text\">Gleich f\u00e4llt der sp\u00e4te Ausgleich: Elversbergs Younes Ebnoutalib (l.) kommt f\u00f6rmlich angeflogen \u2013 und Dynamos Sascha Risch zu sp\u00e4t<\/p>\n<p>Foto: Ralf Hasselberg\/Jan Huebner<\/p>\n<p>Am Ende war der Druck der Gastgeber einfach zu gro\u00df, das 2:2 fast mit Ansage. \u201eDas ist ja auch bedingt durch den Spielstand, dass der Gegner uns dann presst\u201c, so Pauli. Aber er gibt zu: \u201eWir m\u00fcssen da besser gegenhalten, den Ball laufen lassen und im letzten Drittel sauberer spielen. Jetzt nehmen wir halt einen Punkt mit und versuchen n\u00e4chste Woche, drei zu holen.\u201c<\/p>\n<p><b>Was nicht unbedingt leichter wird. Denn nach dem Spiel beim Tabellen-Zweiten kommt jetzt mit Hannover 96 der Zweitliga-Spitzenreiter ins Harbig-Stadion. F\u00fcr Pauli aber kein Grund, vor Ehrfurcht zu erstarren.<\/b><\/p>\n<p>Erster Heimsieg gegen Hannover?<\/p>\n<p>\u201eWir k\u00f6nnen auch gut zocken und haben gegen jede Mannschaft in der Liga eine Chance. Das wissen nicht nur wir, sondern jetzt auch die Gegner\u201c, stellt der in London geborene Kicker klar. Zumal erst am vergangenen Wochenende Hertha BSC bewiesen hat, dass Hannover nicht unbezwingbar ist und gleich mal 3:0 in der Heinz von Heiden Arena gewann.<\/p>\n<p><b>Das sollte f\u00fcr Pauli und <\/b><a href=\"https:\/\/www.bild.de\/sport\/fussball\/dynamo-dresden\/startseite-dynamo-46789412.bild.html\" class=\"text-link\" target=\"_blank\" rel=\"noopener\"><b>Dynamo Dresden<\/b><\/a><b> zus\u00e4tzlicher Ansporn sein, im dritten Anlauf den ersten Heimsieg zu landen&#8230;<\/b><\/p>\n","protected":false},"excerpt":{"rendered":"Neuzugang Julian Pauli (20) musste ausgerechnet bei seiner Premiere f\u00fcr Dynamo Dresden beim 2:2 in Elversberg vorzeitig vom&hellip;\n","protected":false},"author":2,"featured_media":426074,"comment_status":"","ping_status":"","sticky":false,"template":"","format":"standard","meta":{"footnotes":""},"categories":[1835],"tags":[621,3364,29,2386,3766,347,30,26476,111618,30998,859,3460,5079,45,2627,14465],"class_list":{"0":"post-426073","1":"post","2":"type-post","3":"status-publish","4":"format-standard","5":"has-post-thumbnail","7":"category-dresden","8":"tag-2-bundesliga","9":"tag-de","10":"tag-deutschland","11":"tag-dresden","12":"tag-dynamo-dresden","13":"tag-fussball","14":"tag-germany","15":"tag-muskelfaserriss","16":"tag-muskelzerrung","17":"tag-oberschenkel","18":"tag-sachsen","19":"tag-sport-leuchtturm-leipzig","20":"tag-sv-elversberg","21":"tag-texttospeech","22":"tag-verletzungen","23":"tag-verteidiger"},"share_on_mastodon":{"url":"https:\/\/pubeurope.com\/@de\/115211525800510609","error":""},"_links":{"self":[{"href":"https:\/\/www.europesays.com\/de\/wp-json\/wp\/v2\/posts\/426073","targetHints":{"allow":["GET"]}}],"collection":[{"href":"https:\/\/www.europesays.com\/de\/wp-json\/wp\/v2\/posts"}],"about":[{"href":"https:\/\/www.europesays.com\/de\/wp-json\/wp\/v2\/types\/post"}],"author":[{"embeddable":true,"href":"https:\/\/www.europesays.com\/de\/wp-json\/wp\/v2\/users\/2"}],"replies":[{"embeddable":true,"href":"https:\/\/www.europesays.com\/de\/wp-json\/wp\/v2\/comments?post=426073"}],"version-history":[{"count":0,"href":"https:\/\/www.europesays.com\/de\/wp-json\/wp\/v2\/posts\/426073\/revisions"}],"wp:featuredmedia":[{"embeddable":true,"href":"https:\/\/www.europesays.com\/de\/wp-json\/wp\/v2\/media\/426074"}],"wp:attachment":[{"href":"https:\/\/www.europesays.com\/de\/wp-json\/wp\/v2\/media?parent=426073"}],"wp:term":[{"taxonomy":"category","embeddable":true,"href":"https:\/\/www.europesays.com\/de\/wp-json\/wp\/v2\/categories?post=426073"},{"taxonomy":"post_tag","embeddable":true,"href":"https:\/\/www.europesays.com\/de\/wp-json\/wp\/v2\/tags?post=426073"}],"curies":[{"name":"wp","href":"https:\/\/api.w.org\/{rel}","templated":true}]}}