{"id":426075,"date":"2025-09-16T02:05:13","date_gmt":"2025-09-16T02:05:13","guid":{"rendered":"https:\/\/www.europesays.com\/de\/426075\/"},"modified":"2025-09-16T02:05:13","modified_gmt":"2025-09-16T02:05:13","slug":"delmenhorster-thw-feiert-jubilaeum-seiner-bundesanstalt","status":"publish","type":"post","link":"https:\/\/www.europesays.com\/de\/426075\/","title":{"rendered":"Delmenhorster THW feiert Jubil\u00e4um seiner Bundesanstalt"},"content":{"rendered":"<p> Die Bundesanstalt Technisches Hilfswerk (THW) begeht gerade ihr 75-j\u00e4hriges Bestehen. Aus diesem Anlass waren an diesem Wochenende deutschlandweit alle THW-Ortsverb\u00e4nde von ihrer Bundesleitung aufgerufen, zeitgleich ein gemeinsames Grillfest auszurichten. Ein Sonderbudget f\u00fcr die Feier stand auch den Delmenhorster THW-Helferinnen und Helfern zur Verf\u00fcgung. Daf\u00fcr wurde die Fahrzeughalle auf dem THW-Gel\u00e4nde an der Friedrich-Ebert-Allee leerger\u00e4umt. &#8222;Wir haben als G\u00e4ste auch Freunde vom Deutschen Roten Kreuz eingeladen&#8220;, sagte Philipp Wittwer-Piene, der sich als Gruppenf\u00fchrer der ersten Bergungsgruppe im THW engagiert. Den Austausch \u00fcber die Begegnung im Einsatzgeschehen hinaus wird von Wittwer-Piene sehr gesch\u00e4tzt, auch zu weiteren Akteuren der anderen Blaulicht-Verb\u00e4nde. &#8222;Wir haben einen sehr guten Draht zur Feuerwehr ausgebildet, das ist wichtig, um sich noch besser \u00fcber die jeweiligen Fachkompetenzen abstimmen zu k\u00f6nnen.&#8220; Im Delmenhorster Ortsverband sind aktuell sowohl die Funktion des Ortsbeauftragten wie des Stellvertreters vakant. &#8222;Das ist f\u00fcr uns keine perfekte Situation, wir fangen das aber als kleines Team gut auf&#8220;, sagt Wittwer-Piene.<\/p>\n<p>Auszeichnungen f\u00fcr Hochwassereinsatz<\/p>\n<p>\n    Als Ausbildungsbeauftragter hatte es Christian Waltl beim Grillfest \u00fcbernommen, eine sp\u00e4te Auszeichnung an ehrenamtliche THW&#8217;ler auszuh\u00e4ndigen, die beim <a href=\"https:\/\/www.weser-kurier.de\/stadt-delmenhorst\/einsatzkraefte-in-delmenhorst-fuer-hochwasserhilfe-geehrt-doc81fgs5iibrmsue571zb\" rel=\"nofollow noopener\" target=\"_blank\">Weihnachtshochwasser<\/a> des Jahres 2023\/24 daf\u00fcr sorgten, dass die Fluten, die auch Delmenhorst drohten, unter Kontrolle gehalten werden konnten \u2013 eine \u00dcberschwemmung durch die Welse war erfolgreich verhindert worden. Zus\u00e4tzlich zur Hochwasser-Ehrennadel gab es jeweils eine Urkunde, die noch die Unterschrift von Stephan Weil trug, der damals als Ministerpr\u00e4sident regierte.\n<\/p>\n<p>\n    F\u00fcr seine 25-j\u00e4hrige Dienstzeit f\u00fcrs THW wurden Wittwer-Piene und auch Jan Cardinale am Rande des Grillfestes jeweils mit einer Urkunde geehrt. Das THW in Delmenhorst feierte das Jubil\u00e4um des Bundesverbandes mit, obgleich der Ortsverband an der Delme erst Anfang Dezember 2023 sein <a href=\"https:\/\/www.weser-kurier.de\/stadt-delmenhorst\/thw-begeht-festakt-zum-70-jaehrigen-bestehen-doc7t3idbkbxw7a72tz2il\" rel=\"nofollow noopener\" target=\"_blank\">70-j\u00e4hriges Bestehen<\/a> begangen hatte.\n<\/p>\n<p>Aktuelle Bedrohungssituationen, wie der Krieg in der Ukraine, f\u00fchren das THW wieder zu seiner Kernaufgabe zur\u00fcck: Welche Rolle der Zivilschutz in Deutschland fr\u00fcher einmal gespielt hatte, konnte man lange Zeit nur noch THW&#8217;ler fragen, die auf jahrzehntelange Erfahrungen zur\u00fcckblicken k\u00f6nnen. Heute r\u00fcstet auch die Stadt Delmenhorst ihr Sirenwarnsystem wieder auf, &#8222;daran ist das THW allerdings nicht beteiligt&#8220;, so Wittwer-Piene. Es komme auch darauf an, dass die B\u00fcrgerinnen und B\u00fcrger die Signale, die im Heulton verbreitet werden, auch zuordnen k\u00f6nnen. In der langen Friedenszeit war das Thema Zivilschutz in den Hintergrund geraten. Krieg herrscht nicht nur, wo Bomben fallen: Heute gibt es auch eine hybride Kriegsf\u00fchrung, auch in Deutschland ist man von Hackerangriffen bedroht. &#8222;Bis 2030 gilt es, wieder zivilschutzf\u00e4hig zu werden&#8220;, umschreibt Wittwer-Piene ein Ziel des Katastrophenschutzes. Nachdem bisher viel Geld in die Modernisierung des Fuhrparks geflossen ist, stehen jetzt Ausgaben f\u00fcr die Ausstattung im Vordergrund. Wittwer-Piene ist froh, dass das THW in Delmenhorst sein \u00dcbungsgel\u00e4nde noch mitten in der Stadt unterhalten kann, das bedeute auch f\u00fcr die Helfer, kurze Wege zu ihren w\u00f6chentlichen \u00dcbungstreffen.<\/p>\n<p>THW-Delmenhorst von 90 Mitgliedern getragen<\/p>\n<p>Heute z\u00e4hlt der Ortsverband Delmenhorst mit rund 90 Mitgliedern, darunter rund 70 Helfern im Einsatzdienst und 20 Junghelfern, zu den Merkposten in Niedersachsen. Delmenhorst stellt jeweils einen technischen Zug im Bereich Bergung und f\u00fcr die Notversorgung im Katastrophenfall. Im Aufbau befindet sich gerade eine Qualifikation zu Hochwasserschutz und Naturgefahren. Seit vergangenem Jahr gibt es auch einen Trupp unbemannte Luftfahrtsysteme, daf\u00fcr wurden Drohnen beschafft, mit der die Suche nach Personen unterst\u00fctzt werden kann. Vor dem Feuerwerk am Ende des Kramermarktes konnte das Gebiet \u00fcber der Graft so auch nach Brutnestern abgesucht werden. Als eine Spezialf\u00e4higkeit bringt sich das Delmenhorster THW im Bereich der Baufachberatung ein.<\/p>\n<p>                        <a href=\"https:\/\/www.weser-kurier.de\/\" id=\"home\" class=\"button primary-primary font-size-15_1 m-0a customEvent\" data-layer-event-name=\"customEvent\" data-layer-trigger=\"click\" data-layer-category=\"artikelscoring\" data-layer-action=\"startseite_button\" data-layer-label=\"doc82eergnm1dx48x5nck1\" data-layer-value=\"https:\/\/www.weser-kurier.de\/stadt-delmenhorst\/1\" rel=\"nofollow noopener\" target=\"_blank\">Zur Startseite<\/a><\/p>\n","protected":false},"excerpt":{"rendered":"Die Bundesanstalt Technisches Hilfswerk (THW) begeht gerade ihr 75-j\u00e4hriges Bestehen. Aus diesem Anlass waren an diesem Wochenende deutschlandweit&hellip;\n","protected":false},"author":2,"featured_media":426076,"comment_status":"","ping_status":"","sticky":false,"template":"","format":"standard","meta":{"footnotes":""},"categories":[1824],"tags":[2420,3364,29,30],"class_list":{"0":"post-426075","1":"post","2":"type-post","3":"status-publish","4":"format-standard","5":"has-post-thumbnail","7":"category-bremen","8":"tag-bremen","9":"tag-de","10":"tag-deutschland","11":"tag-germany"},"share_on_mastodon":{"url":"https:\/\/pubeurope.com\/@de\/115211529255403580","error":""},"_links":{"self":[{"href":"https:\/\/www.europesays.com\/de\/wp-json\/wp\/v2\/posts\/426075","targetHints":{"allow":["GET"]}}],"collection":[{"href":"https:\/\/www.europesays.com\/de\/wp-json\/wp\/v2\/posts"}],"about":[{"href":"https:\/\/www.europesays.com\/de\/wp-json\/wp\/v2\/types\/post"}],"author":[{"embeddable":true,"href":"https:\/\/www.europesays.com\/de\/wp-json\/wp\/v2\/users\/2"}],"replies":[{"embeddable":true,"href":"https:\/\/www.europesays.com\/de\/wp-json\/wp\/v2\/comments?post=426075"}],"version-history":[{"count":0,"href":"https:\/\/www.europesays.com\/de\/wp-json\/wp\/v2\/posts\/426075\/revisions"}],"wp:featuredmedia":[{"embeddable":true,"href":"https:\/\/www.europesays.com\/de\/wp-json\/wp\/v2\/media\/426076"}],"wp:attachment":[{"href":"https:\/\/www.europesays.com\/de\/wp-json\/wp\/v2\/media?parent=426075"}],"wp:term":[{"taxonomy":"category","embeddable":true,"href":"https:\/\/www.europesays.com\/de\/wp-json\/wp\/v2\/categories?post=426075"},{"taxonomy":"post_tag","embeddable":true,"href":"https:\/\/www.europesays.com\/de\/wp-json\/wp\/v2\/tags?post=426075"}],"curies":[{"name":"wp","href":"https:\/\/api.w.org\/{rel}","templated":true}]}}