{"id":426081,"date":"2025-09-16T02:08:13","date_gmt":"2025-09-16T02:08:13","guid":{"rendered":"https:\/\/www.europesays.com\/de\/426081\/"},"modified":"2025-09-16T02:08:13","modified_gmt":"2025-09-16T02:08:13","slug":"die-schule-der-magischen-tiere-4-filmpremiere-in-essen","status":"publish","type":"post","link":"https:\/\/www.europesays.com\/de\/426081\/","title":{"rendered":"Die Schule der magischen Tiere 4 \u2013 Filmpremiere in Essen"},"content":{"rendered":"<p>Viele Schauspieler aus NRW dabeiDie Schule der magischen Tiere 4 \u2013 Filmpremiere in Essen15. September 2025 um 18:13 Uhr<\/p>\n<p>von <strong>Parviz Khosrawi<\/strong><\/p>\n<p class=\"AnnotatedMarkup_paragraph__IUT9l\">\u201eDie Schule der magischen Tiere 4\u201c<strong> <\/strong>startet kommenden Donnerstag (25.09.) in unseren Kinos. Am vergangenen Sonntag (14.09.) war bereits die gro\u00dfe Premiere in Essen. Eine NRW-Premiere gab es deshalb, weil das Bundesland einen gro\u00dfen Teil zum Erfolg der Filme mit beigetragen hat.<\/p>\n<p>Viele Fans am roten Teppich<\/p>\n<p class=\"AnnotatedMarkup_paragraph__IUT9l\">Sonntag (14.09.) zehn Uhr morgens. Obwohl es so fr\u00fch ist, ist die Innenstadt rund um das Kino Lichtburg voll. Denn f\u00fcr die Kinder sind diese mittlerweile erwachsenen Schauspieler Helden. Emilia Maier spielt darin die Hauptfigur, die Sch\u00fclerin Ida Kronenberg. F\u00fcr die 18-J\u00e4hrige war der Dreh wie eine Art Klassenfahrt.<\/p>\n<p>Sch\u00fcler retten ihre Schule<\/p>\n<p class=\"AnnotatedMarkup_paragraph__IUT9l\">Im Film geht es um die Winterstein-Schule. Ein altes Schloss. In Idas Klasse bekommen die Sch\u00fcler nach und nach magische Tiere. Die k\u00f6nnen nicht nur sprechen, sondern helfen den Jugendlichen auch bei ihren Abenteuern. Im vierten Teil soll das Schloss verkauft werden. An der Stelle soll ein Luxushotel entstehen. Doch das will Ida unbedingt verhindern.<\/p>\n<p>Anzeige:<\/p>\n<p>Empfehlungen unserer Partner<\/p>\n<p>Erfolgsgeschichte \u201eMade in NRW\u201c<\/p>\n<p class=\"AnnotatedMarkup_paragraph__IUT9l\">Die ersten drei Teile von \u201eDie Schule der magischen Tiere \u201c<strong> <\/strong>waren jeweils die erfolgreichsten deutschsprachigen Filme ihres Jahres. Insgesamt haben sie mehr als 65 Millionen Euro eingespielt! Eine Erfolgsgeschichte, die auch zu einem gro\u00dfen Teil \u201eMade in NRW\u201d ist. Die Film- und Medienstiftung hat auch den vierten Streifen wieder unterst\u00fctzt &#8211; mit 300.000 Euro. Und viele der Darsteller kommen aus unserem Bundesland. Die magischen Tiere werden von erwachsenen Kinostars gesprochen. Den beliebten aber tollpatschigen Pinguin Juri spricht Schauspieler Axel Stein aus Wuppertal. Und den arroganten und adeligen Kater Karajan spricht wieder Comedian Ralf Schmitz aus Leverkusen.<\/p>\n<p>Kinostart ist kommende Woche<\/p>\n<p class=\"AnnotatedMarkup_paragraph__IUT9l\">In wenigen Tagen erscheint der 16. Roman der Kinderbuchreihe. Bei den Filmen ist es erst der vierte und vermutlich letzte Teil. \u201eDie Schule der magischen Tiere 4\u201c<strong> <\/strong>startet kommende Woche Donnerstag (25.09.) offiziell in unseren NRW-Kinos.<\/p>\n","protected":false},"excerpt":{"rendered":"Viele Schauspieler aus NRW dabeiDie Schule der magischen Tiere 4 \u2013 Filmpremiere in Essen15. September 2025 um 18:13&hellip;\n","protected":false},"author":2,"featured_media":426082,"comment_status":"","ping_status":"","sticky":false,"template":"","format":"standard","meta":{"footnotes":""},"categories":[1834],"tags":[3364,29,3688,92,30,1114,95,5827,5828,1209,6003,5830,5829,5825,5826,5824,55793,1886],"class_list":{"0":"post-426081","1":"post","2":"type-post","3":"status-publish","4":"format-standard","5":"has-post-thumbnail","7":"category-essen","8":"tag-de","9":"tag-deutschland","10":"tag-essen","11":"tag-film","12":"tag-germany","13":"tag-kinder","14":"tag-kino","15":"tag-nachrichten-nrw","16":"tag-news-nrw","17":"tag-nordrhein-westfalen","18":"tag-premiere","19":"tag-regionale-nachrichten-nrw","20":"tag-rtl-nachrichten-nrw","21":"tag-rtl-nrw","22":"tag-rtl-regional","23":"tag-rtl-west","24":"tag-rtl-west-archiv","25":"tag-tiere"},"share_on_mastodon":{"url":"https:\/\/pubeurope.com\/@de\/115211541111020882","error":""},"_links":{"self":[{"href":"https:\/\/www.europesays.com\/de\/wp-json\/wp\/v2\/posts\/426081","targetHints":{"allow":["GET"]}}],"collection":[{"href":"https:\/\/www.europesays.com\/de\/wp-json\/wp\/v2\/posts"}],"about":[{"href":"https:\/\/www.europesays.com\/de\/wp-json\/wp\/v2\/types\/post"}],"author":[{"embeddable":true,"href":"https:\/\/www.europesays.com\/de\/wp-json\/wp\/v2\/users\/2"}],"replies":[{"embeddable":true,"href":"https:\/\/www.europesays.com\/de\/wp-json\/wp\/v2\/comments?post=426081"}],"version-history":[{"count":0,"href":"https:\/\/www.europesays.com\/de\/wp-json\/wp\/v2\/posts\/426081\/revisions"}],"wp:featuredmedia":[{"embeddable":true,"href":"https:\/\/www.europesays.com\/de\/wp-json\/wp\/v2\/media\/426082"}],"wp:attachment":[{"href":"https:\/\/www.europesays.com\/de\/wp-json\/wp\/v2\/media?parent=426081"}],"wp:term":[{"taxonomy":"category","embeddable":true,"href":"https:\/\/www.europesays.com\/de\/wp-json\/wp\/v2\/categories?post=426081"},{"taxonomy":"post_tag","embeddable":true,"href":"https:\/\/www.europesays.com\/de\/wp-json\/wp\/v2\/tags?post=426081"}],"curies":[{"name":"wp","href":"https:\/\/api.w.org\/{rel}","templated":true}]}}