{"id":426163,"date":"2025-09-16T02:56:13","date_gmt":"2025-09-16T02:56:13","guid":{"rendered":"https:\/\/www.europesays.com\/de\/426163\/"},"modified":"2025-09-16T02:56:13","modified_gmt":"2025-09-16T02:56:13","slug":"die-neuen-schilder-stehen-und-sind-ab-dienstag-gueltig","status":"publish","type":"post","link":"https:\/\/www.europesays.com\/de\/426163\/","title":{"rendered":"Die neuen Schilder stehen und sind ab Dienstag g\u00fcltig"},"content":{"rendered":"<p class=\"mb-6 text-xs md:text-m lg:text-l font-serif group-[.font-sans]:font-sans \">\n    Es ist ein einj\u00e4hriger Versuch, der bereits vor dem Start kontrovers diskutiert wurde: <a href=\"https:\/\/www.augsburger-allgemeine.de\/augsburg\/tempo-30-in-innenstadt-das-muss-man-jetzt-dazu-wissen-110710709\" target=\"_self\" class=\"underline \" rel=\"nofollow noopener\">Ab Dienstag gilt in einem wichtigen Stra\u00dfenzug von Augsburgs Innenstadt Tempo 30.<\/a> Es ist der Abschnitt zwischen Kennedyplatz (<a href=\"https:\/\/www.augsburger-allgemeine.de\/organisationen\/aa-theater-augsburg\" target=\"_self\" class=\"underline \" rel=\"nofollow noopener\">Staatstheater<\/a>) bis zum Jakobertor. Autofahrer m\u00fcssen sich umstellen. Die neuen Tempo-30-Schilder sind bereits montiert. Etwas kleiner ist \u201eL\u00e4rmschutz\u201c auf einem weiteren Schild zu lesen. Beide Schilder sind noch verklebt, die Klebestreifen werden aber bald entfernt.\n  <\/p>\n<p>            Tempo 30 in Augsburg: L\u00e4rmschutz ist ein Grund<\/p>\n<p class=\"mb-6 text-xs md:text-m lg:text-l font-serif group-[.font-sans]:font-sans \">\n    Die Stadt hat zuletzt \u00fcber den Verkehrsversuch informiert. Wie berichtet, <a href=\"https:\/\/www.augsburger-allgemeine.de\/augsburg\/augsburg-bereitet-sich-auf-tempolimit-30-in-innenstadt-vor-110699175\" target=\"_self\" class=\"underline \" rel=\"nofollow noopener\"> geht es in erster Linie um L\u00e4rmschutz und Verkehrssicherheit.<\/a> Das sind die wichtigsten Punkte zu Tempo 30 in der Innenstadt.\n  <\/p>\n<p class=\"mb-6 text-xs md:text-m lg:text-l font-serif group-[.font-sans]:font-sans \">\n    Tempo 30 gilt ganztags zwischen Kennedyplatz (Theater) und Langem S\u00e4chseng\u00e4\u00dfchen in der Jakobervorstadt. Zudem gilt Tempo 30 nachts (zwischen 22 Uhr und 6 Uhr) zwischen Langem S\u00e4chseng\u00e4\u00dfchen und Jakobertor.\n  <\/p>\n<p>            Die Gesamtkosten belaufen sich auf 160.000 Euro<\/p>\n<p class=\"mb-6 text-xs md:text-m lg:text-l font-serif group-[.font-sans]:font-sans \">\n    Die Gesamtkosten f\u00fcr die Umstellung belaufen sich inklusive aller Gewerke auf rund 160.000 Euro, teilt die Stadt mit. Dazu geh\u00f6ren Kosten f\u00fcr Planung, Markierung und Beschilderung sowie Smiley-Anzeigen. Diese Smiley-Anzeigen im Verkehr sind Geschwindigkeitsanzeigen, die eine positive R\u00fcckmeldung an Fahrer geben, wenn sie die erlaubte Geschwindigkeit einhalten, und eine Warnung bei Geschwindigkeits\u00fcberschreitungen aussprechen. Zudem fallen Kosten f\u00fcr die Erneuerung der Ampelanlagen an.\n  <\/p>\n<ul data-module-id=\"DragDropModule\" class=\"flex flex-wrap justify-start group-[.no-bookmarks]:hidden\">\n<li class=\"mb-3 mr-3\">\n    Michael H\u00f6rmann<\/p>\n<p>      Icon Haken im Kreis gesetzt<\/p>\n<p>      Icon Plus im Kreis<\/p>\n<\/li>\n<li class=\"mb-3 mr-3\">\n    Tempo Taschent\u00fccher<\/p>\n<p>      Icon Haken im Kreis gesetzt<\/p>\n<p>      Icon Plus im Kreis<\/p>\n<\/li>\n<li class=\"mb-3 mr-3\">\n    Augsburg<\/p>\n<p>      Icon Haken im Kreis gesetzt<\/p>\n<p>      Icon Plus im Kreis<\/p>\n<\/li>\n<\/ul>\n","protected":false},"excerpt":{"rendered":"Es ist ein einj\u00e4hriger Versuch, der bereits vor dem Start kontrovers diskutiert wurde: Ab Dienstag gilt in einem&hellip;\n","protected":false},"author":2,"featured_media":426164,"comment_status":"","ping_status":"","sticky":false,"template":"","format":"standard","meta":{"footnotes":""},"categories":[1846],"tags":[680,772,3364,29,548,663,3934,30,13,14,15,12],"class_list":{"0":"post-426163","1":"post","2":"type-post","3":"status-publish","4":"format-standard","5":"has-post-thumbnail","7":"category-augsburg","8":"tag-augsburg","9":"tag-bayern","10":"tag-de","11":"tag-deutschland","12":"tag-eu","13":"tag-europa","14":"tag-europe","15":"tag-germany","16":"tag-headlines","17":"tag-nachrichten","18":"tag-news","19":"tag-schlagzeilen"},"share_on_mastodon":{"url":"https:\/\/pubeurope.com\/@de\/115211730002030018","error":""},"_links":{"self":[{"href":"https:\/\/www.europesays.com\/de\/wp-json\/wp\/v2\/posts\/426163","targetHints":{"allow":["GET"]}}],"collection":[{"href":"https:\/\/www.europesays.com\/de\/wp-json\/wp\/v2\/posts"}],"about":[{"href":"https:\/\/www.europesays.com\/de\/wp-json\/wp\/v2\/types\/post"}],"author":[{"embeddable":true,"href":"https:\/\/www.europesays.com\/de\/wp-json\/wp\/v2\/users\/2"}],"replies":[{"embeddable":true,"href":"https:\/\/www.europesays.com\/de\/wp-json\/wp\/v2\/comments?post=426163"}],"version-history":[{"count":0,"href":"https:\/\/www.europesays.com\/de\/wp-json\/wp\/v2\/posts\/426163\/revisions"}],"wp:featuredmedia":[{"embeddable":true,"href":"https:\/\/www.europesays.com\/de\/wp-json\/wp\/v2\/media\/426164"}],"wp:attachment":[{"href":"https:\/\/www.europesays.com\/de\/wp-json\/wp\/v2\/media?parent=426163"}],"wp:term":[{"taxonomy":"category","embeddable":true,"href":"https:\/\/www.europesays.com\/de\/wp-json\/wp\/v2\/categories?post=426163"},{"taxonomy":"post_tag","embeddable":true,"href":"https:\/\/www.europesays.com\/de\/wp-json\/wp\/v2\/tags?post=426163"}],"curies":[{"name":"wp","href":"https:\/\/api.w.org\/{rel}","templated":true}]}}