{"id":426226,"date":"2025-09-16T03:33:10","date_gmt":"2025-09-16T03:33:10","guid":{"rendered":"https:\/\/www.europesays.com\/de\/426226\/"},"modified":"2025-09-16T03:33:10","modified_gmt":"2025-09-16T03:33:10","slug":"winkhausen-start-fuer-bau-des-radmotorikparks","status":"publish","type":"post","link":"https:\/\/www.europesays.com\/de\/426226\/","title":{"rendered":"Winkhausen: Start f\u00fcr Bau des Radmotorikparks"},"content":{"rendered":"<p class=\"small date article__date\">Ver\u00f6ffentlicht:\u00a0Dienstag, 16.09.2025 05:17<\/p>\n<p>Der Bau des neue Radmotorikparks in Winkhausen hat begonnen. Bis Ende des Jahres sollen an der Sportanlage H\u00fcgelstra\u00dfe \u00dcbungsfl\u00e4chen f\u00fcr Fahrradfahren und Fahrtechnik entstehen. <\/p>\n<p><img decoding=\"async\" alt=\"\" src=\"https:\/\/www.europesays.com\/de\/wp-content\/uploads\/2025\/09\/spatenstich-radmotorikpark_foto-helena-grebe-stadt-muelheim-an-der-ruhr.jpg&#038;crop=0x102x5080x3175&#038;res.jpeg\" data-size=\"1280x800\"\/>\u00a9 Helena Grebe, Stadt M\u00fclheim an der Ruhr<\/p>\n<p>Der Radmotorikpark soll f\u00fcr Menschen jeden Alters da sein und motivieren, Fahrrad zu fahren. Die motorischen F\u00e4higkeiten sollen dabei spielerisch verbessert werden. Die Anlage an der H\u00fcgelstra\u00dfe umfasst 3.500 Quadratmeter mit einem Radparcours, einem Pumptrack, Mountainbike-Trails und elf Hindernissen. Laut Stadt M\u00fclheim ist sie bundesweit einzigartig.<\/p>\n<p>Das Projekt wird mit 393.000 Euro aus dem Landesprogramm \u201eModerne Sportst\u00e4tte 2022\u201c gef\u00f6rdert. Die Gesamtkosten betragen etwa 830.000 Euro. Unterst\u00fctzt wird das Vorhaben von M\u00fclheimer Vereinen, wie dem Radclub Sturmvogel, der Verkehrswacht und dem Rotary Club M\u00fclheim \u2013 Uhlenhorst. <\/p>\n","protected":false},"excerpt":{"rendered":"Ver\u00f6ffentlicht:\u00a0Dienstag, 16.09.2025 05:17 Der Bau des neue Radmotorikparks in Winkhausen hat begonnen. Bis Ende des Jahres sollen an&hellip;\n","protected":false},"author":2,"featured_media":426227,"comment_status":"","ping_status":"","sticky":false,"template":"","format":"standard","meta":{"footnotes":""},"categories":[1834],"tags":[111631,111630,703,3364,29,3688,17063,30,1209],"class_list":{"0":"post-426226","1":"post","2":"type-post","3":"status-publish","4":"format-standard","5":"has-post-thumbnail","7":"category-essen","8":"tag-radmotorikpark","9":"tag-winkhausen","10":"tag-bewegung","11":"tag-de","12":"tag-deutschland","13":"tag-essen","14":"tag-fahrradfahren","15":"tag-germany","16":"tag-nordrhein-westfalen"},"share_on_mastodon":{"url":"https:\/\/pubeurope.com\/@de\/115211876075500003","error":""},"_links":{"self":[{"href":"https:\/\/www.europesays.com\/de\/wp-json\/wp\/v2\/posts\/426226","targetHints":{"allow":["GET"]}}],"collection":[{"href":"https:\/\/www.europesays.com\/de\/wp-json\/wp\/v2\/posts"}],"about":[{"href":"https:\/\/www.europesays.com\/de\/wp-json\/wp\/v2\/types\/post"}],"author":[{"embeddable":true,"href":"https:\/\/www.europesays.com\/de\/wp-json\/wp\/v2\/users\/2"}],"replies":[{"embeddable":true,"href":"https:\/\/www.europesays.com\/de\/wp-json\/wp\/v2\/comments?post=426226"}],"version-history":[{"count":0,"href":"https:\/\/www.europesays.com\/de\/wp-json\/wp\/v2\/posts\/426226\/revisions"}],"wp:featuredmedia":[{"embeddable":true,"href":"https:\/\/www.europesays.com\/de\/wp-json\/wp\/v2\/media\/426227"}],"wp:attachment":[{"href":"https:\/\/www.europesays.com\/de\/wp-json\/wp\/v2\/media?parent=426226"}],"wp:term":[{"taxonomy":"category","embeddable":true,"href":"https:\/\/www.europesays.com\/de\/wp-json\/wp\/v2\/categories?post=426226"},{"taxonomy":"post_tag","embeddable":true,"href":"https:\/\/www.europesays.com\/de\/wp-json\/wp\/v2\/tags?post=426226"}],"curies":[{"name":"wp","href":"https:\/\/api.w.org\/{rel}","templated":true}]}}