{"id":426234,"date":"2025-09-16T03:38:11","date_gmt":"2025-09-16T03:38:11","guid":{"rendered":"https:\/\/www.europesays.com\/de\/426234\/"},"modified":"2025-09-16T03:38:11","modified_gmt":"2025-09-16T03:38:11","slug":"in-dieser-woche-startet-die-buergerbeteiligung-%c2%b7-leipziger-zeitung","status":"publish","type":"post","link":"https:\/\/www.europesays.com\/de\/426234\/","title":{"rendered":"In dieser Woche startet die B\u00fcrgerbeteiligung \u00b7 Leipziger Zeitung"},"content":{"rendered":"<p>Der Ostplatz sowie der Platz in der Stra\u00dfe Hahnekamm sollen anhand von B\u00fcrgerideen in den kommenden Jahren umgestaltet werden, teilt die Stadt Leipzig mit. Erkl\u00e4rtes Ziel ist es, dass beide Orte st\u00e4rker zum Verweilen einladen und gr\u00fcner werden. Insgesamt beabsichtigt Leipzig, innerhalb der kommenden Jahre 22 Stadtpl\u00e4tze sowie mehrere Dorf- und Gartenpl\u00e4tze einer Umgestaltung zu unterziehen.<\/p>\n<p>Ostplatz<\/p>\n<p>Die aktuelle Runde der B\u00fcrgerbeteiligung startet am <strong>Mittwoch, dem 17. September 2025, 15:00 Uhr,<\/strong> zun\u00e4chst auf dem Ostplatz. Die Mitarbeiterinnen und Mitarbeiter der Stadtverwaltung m\u00f6chten mit den B\u00fcrgerinnen vor Ort ins Gespr\u00e4ch kommen: Welche W\u00fcnsche haben sie, wie soll sich der Platz an der Grenze zwischen Reudnitz-Thonberg und dem Zentrum-S\u00fcdost entwickeln? Diese Ideen werden in der Vorplanung ber\u00fccksichtigt.<\/p>\n<p>Platz am Hahnekamm<\/p>\n<p>Weiter geht es dann eine Woche sp\u00e4ter am <strong>24. September 2025, 15:00 Uhr,<\/strong> am Platz am Hahnekamm im Zentrum-Ost. Auch hier geht es darum, wie die Platzqualit\u00e4t k\u00fcnftig gesteigert werden kann.<\/p>\n<p>Programm f\u00fcr attraktivere Stadtpl\u00e4tze<\/p>\n<p>Bis ins Jahr 2030 sollen in Leipzig mehrere st\u00e4dtische Pl\u00e4tze vom Asphalt befreit, umgestaltet und begr\u00fcnt werden. So wird perspektivisch das Stadtklima verbessert, die Fl\u00e4chen sind attraktiver \u2013 und nicht zuletzt reinigen mehr B\u00e4ume und Str\u00e4ucher die Luft und spenden in zunehmend hei\u00dfen Sommern Schatten.<\/p>\n<p>Das entsprechende <a href=\"https:\/\/www.l-iz.de\/tag\/stadtplatzprogramm\" target=\"_blank\" rel=\"noopener\">\u201eStadtplatzprogramm 2030+\u201c<\/a> hat mehrere st\u00e4dtische Pl\u00e4tze priorisiert, f\u00fcr einige von ihnen lief die B\u00fcrgerbeteiligung bereits im vergangenen Jahr: F\u00fcr den S\u00fcdplatz beispielsweise wurde ein Entwurf entwickelt, der Sitzm\u00f6glichkeiten bietet, zwei zus\u00e4tzliche schattenspendende B\u00e4ume vorsieht und bei dem der \u00fcberwiegende Teil der Fl\u00e4che entsiegelt und begr\u00fcnt wird.<\/p>\n<p>Am Eutritzscher Markt sollen nun 17 zus\u00e4tzliche B\u00e4ume, neun B\u00e4nke, unterschiedliche Spielelemente f\u00fcr Kinder sowie zwei Tischtennisplatten entstehen. Und auch k\u00fcnftig ist ein Bereich frei von Einbauten, die den Veranstaltungsbetrieb st\u00f6ren k\u00f6nnten. F\u00fcr den Platz am Stadtteilpark Rabet und den Platz an der Mockauer Post gab es im vergangenen Jahr ebenfalls bereits Beteiligungsformate.<\/p>\n<p>Die Vorplanungen dieser ersten Stadtpl\u00e4tze finden Sie auf <a href=\"https:\/\/www.leipzig.de\/bauen-und-wohnen\/stadtentwicklung\/gestaltung-oeffentlicher-raum\/stadtplatzprogramm-2030\" target=\"_blank\" rel=\"noopener\">www.leipzig.de\/stadtplatzprogramm<\/a>.<\/p>\n<p>Die Umsetzung der Ideen h\u00e4ngt allerdings stark von der aktuell angespannten Haushaltslage der Stadt Leipzig ab. Mit den B\u00fcrgerbeteiligungen im September sollen weitere, langfristigere Planungen vorbereitet werden, damit bei einer stabileren Haushaltsituation Projekte umgehend realisiert werden k\u00f6nnen.<\/p>\n","protected":false},"excerpt":{"rendered":"Der Ostplatz sowie der Platz in der Stra\u00dfe Hahnekamm sollen anhand von B\u00fcrgerideen in den kommenden Jahren umgestaltet&hellip;\n","protected":false},"author":2,"featured_media":358656,"comment_status":"","ping_status":"","sticky":false,"template":"","format":"standard","meta":{"footnotes":""},"categories":[1832],"tags":[13494,3364,29,30,71,111632,859,111633,111634],"class_list":{"0":"post-426234","1":"post","2":"type-post","3":"status-publish","4":"format-standard","5":"has-post-thumbnail","7":"category-leipzig","8":"tag-buergerbeteiligung","9":"tag-de","10":"tag-deutschland","11":"tag-germany","12":"tag-leipzig","13":"tag-ostplatz","14":"tag-sachsen","15":"tag-stadtplaetze","16":"tag-stadtplatzprogramm"},"share_on_mastodon":{"url":"https:\/\/pubeurope.com\/@de\/115211895098554578","error":""},"_links":{"self":[{"href":"https:\/\/www.europesays.com\/de\/wp-json\/wp\/v2\/posts\/426234","targetHints":{"allow":["GET"]}}],"collection":[{"href":"https:\/\/www.europesays.com\/de\/wp-json\/wp\/v2\/posts"}],"about":[{"href":"https:\/\/www.europesays.com\/de\/wp-json\/wp\/v2\/types\/post"}],"author":[{"embeddable":true,"href":"https:\/\/www.europesays.com\/de\/wp-json\/wp\/v2\/users\/2"}],"replies":[{"embeddable":true,"href":"https:\/\/www.europesays.com\/de\/wp-json\/wp\/v2\/comments?post=426234"}],"version-history":[{"count":0,"href":"https:\/\/www.europesays.com\/de\/wp-json\/wp\/v2\/posts\/426234\/revisions"}],"wp:featuredmedia":[{"embeddable":true,"href":"https:\/\/www.europesays.com\/de\/wp-json\/wp\/v2\/media\/358656"}],"wp:attachment":[{"href":"https:\/\/www.europesays.com\/de\/wp-json\/wp\/v2\/media?parent=426234"}],"wp:term":[{"taxonomy":"category","embeddable":true,"href":"https:\/\/www.europesays.com\/de\/wp-json\/wp\/v2\/categories?post=426234"},{"taxonomy":"post_tag","embeddable":true,"href":"https:\/\/www.europesays.com\/de\/wp-json\/wp\/v2\/tags?post=426234"}],"curies":[{"name":"wp","href":"https:\/\/api.w.org\/{rel}","templated":true}]}}