{"id":426287,"date":"2025-09-16T04:11:11","date_gmt":"2025-09-16T04:11:11","guid":{"rendered":"https:\/\/www.europesays.com\/de\/426287\/"},"modified":"2025-09-16T04:11:11","modified_gmt":"2025-09-16T04:11:11","slug":"medienberichte-israelische-panzer-rollen-in-gaza-stadt-ein-politik","status":"publish","type":"post","link":"https:\/\/www.europesays.com\/de\/426287\/","title":{"rendered":"Medienberichte: Israelische Panzer rollen in Gaza-Stadt ein | Politik"},"content":{"rendered":"<p><b>Das israelische Milit\u00e4r hat offenbar seine Bodenoffensive auf die Stadt Gaza begonnen. Medien wie die \u201eJerusalem Post\u201c und \u201eAxios\u201c berichten von einer heftigen Angriffswelle. Pal\u00e4stinensischen Berichten zufolge sollen Panzer in die Stadt vorgedrungen sein. <\/b><\/p>\n<p>Der Einsatz habe ein Ausma\u00df, \u201ewie es im Norden Gazas m\u00f6glicherweise seit zwei Jahren nicht mehr gesehen wurde\u201c, berichtet die \u201e<a href=\"https:\/\/www.jpost.com\/israel-news\/defense-news\/article-867571\" rel=\"noopener\" class=\"text-link--external text-link\" target=\"_blank\">Jerusalem Post<\/a>\u201c. Laut dem US-Nachrichtenportal \u201e<a href=\"https:\/\/www.axios.com\/2025\/09\/15\/israel-gaza-city-occupation-ground-offensive\" rel=\"noopener\" class=\"text-link--external text-link\" target=\"_blank\">Axios<\/a>\u201c nahmen die Luftangriffe auf Gaza-Stadt am Montagabend drastisch zu; kurz darauf seien israelische Panzer in die Stadt gerollt. \u201eIsraelische Offizielle\u201c sollen entsprechende pal\u00e4stinensische Berichte aus Gaza best\u00e4tigt haben. Augenzeuge Ahmed Ghasal zur Nachrichtenagentur AFP: \u201eEs gibt schwere, unerbittliche Bombardierungen auf die Stadt Gaza und die Gefahr nimmt weiter zu.\u201c H\u00e4user seien zerst\u00f6rt worden, Menschen versch\u00fcttet. <\/p>\n<p> An dieser Stelle findest du Inhalte aus Twitter <\/p>\n<p> Um mit Inhalten aus Twitter und anderen sozialen Netzwerken zu interagieren oder diese darzustellen, brauchen wir deine Zustimmung. <\/p>\n<p> soziale Netzwerke aktivieren  Um eingebettete Inhalte anzuzeigen, ist Ihre jederzeit widerrufliche Einwilligung (\u00fcber den Schalter oder \u00fcber &#8220; <a class=\"embed-placeholder__text-link\" href=\"#\" rel=\"noopener noreferrer\" title=\"Tracking widerrufen\"> Widerruf Tracking und Cookies<\/a> &#8220; am Seitenende) zur Verarbeitung personenbezogener Daten n\u00f6tig.  Dabei k\u00f6nnen Daten in Drittl\u00e4nder wie die USA \u00fcbermittelt werden (Art. 49 Abs. 1 lit. a DSGVO). Mit dem Aktivieren des Inhalts stimmen Sie zu. Weitere Infos finden Sie <a class=\"embed-placeholder__text-link\" href=\"#\" rel=\"noopener noreferrer\" title=\"Zu den Privatsph\u00e4re Einstellungen\"> hier<\/a>. Der Einsatz wurde wochenlang vorbereitet<\/p>\n<p><a href=\"https:\/\/www.bild.de\/news\/ausland\/israel\/thema-israel-alle-infos-80028948.bild.html\" class=\"text-link\" target=\"_blank\" rel=\"noopener\">Israel<\/a> hatte den Bodeneinsatz wochenlang vorbereitet: Flugzeuge und Artillerie zerst\u00f6rten mehr als 50 Hochh\u00e4user, in denen laut der Armee Hamas-Terroristen Stellung bezogen hatten. Eine Million Zivilisten wurde immer wieder aufgefordert, die Stadt zu verlassen. Laut \u201eJerusalem Post\u201c, die sich auf Armeeangaben bezieht, machten sich jedoch nur 300.000 auf den Weg; nach Sch\u00e4tzungen von Montag seien 700.000 Menschen geblieben. Israels Armee erwartet dem Bericht zufolge eine Fluchtwelle, sobald die Panzer sichtbar werden. <\/p>\n<p><img decoding=\"async\" width=\"992\" height=\"558\" alt=\"Am Montag setzten sich an der Grenze zum Gazastreifen Panzer und gepanzerte Fahrzeuge in Bewegung\" src=\"https:\/\/www.europesays.com\/de\/wp-content\/uploads\/2025\/09\/64ed8284109f9e9d3a550057648e4a7b,de98ef3a\"   class=\"landscape\" loading=\"lazy\"\/><\/p>\n<p class=\"fig__caption__text\">Am Montag setzten sich an der Grenze zum Gazastreifen Panzer und gepanzerte Fahrzeuge in Bewegung<\/p>\n<p>Foto: Anadolu via Getty Images<\/p>\n<p>Mehr zum Thema<\/p>\n<p>Wenige Stunden vor Beginn der Offensive hatte US-Au\u00dfenminister Marco Rubio sich mit Israels Ministerpr\u00e4sident Netanjahu getroffen. Er \u00fcbermittelte die \u201eunersch\u00fctterliche Unterst\u00fctzung\u201c der USA f\u00fcr Israel, aber auch Pr\u00e4sident Trumps Aufforderung, den Einsatz m\u00f6glichst kurz zu halten. Die Entscheidung dar\u00fcber liege jedoch allein bei Israel. \u201eAxios\u201c zitiert eine israelische Quelle: \u201eRubio hat die Bodenoffensive nicht ausgebremst.\u201c <\/p>\n<p> An dieser Stelle findest du Inhalte aus Twitter <\/p>\n<p> Um mit Inhalten aus Twitter und anderen sozialen Netzwerken zu interagieren oder diese darzustellen, brauchen wir deine Zustimmung. <\/p>\n<p> soziale Netzwerke aktivieren  Um eingebettete Inhalte anzuzeigen, ist Ihre jederzeit widerrufliche Einwilligung (\u00fcber den Schalter oder \u00fcber &#8220; <a class=\"embed-placeholder__text-link\" href=\"#\" rel=\"noopener noreferrer\" title=\"Tracking widerrufen\"> Widerruf Tracking und Cookies<\/a> &#8220; am Seitenende) zur Verarbeitung personenbezogener Daten n\u00f6tig.  Dabei k\u00f6nnen Daten in Drittl\u00e4nder wie die USA \u00fcbermittelt werden (Art. 49 Abs. 1 lit. a DSGVO). Mit dem Aktivieren des Inhalts stimmen Sie zu. Weitere Infos finden Sie <a class=\"embed-placeholder__text-link\" href=\"#\" rel=\"noopener noreferrer\" title=\"Zu den Privatsph\u00e4re Einstellungen\"> hier<\/a>. \u201eEs k\u00f6nnte die letzte Nacht im Leben der Geiseln sein\u201c<\/p>\n<p>Der Einsatz ist umstritten, weil Israel zwar das Ziel hat, die Terrororganisation Hamas zu zerst\u00f6ren \u2013\u00a0jedoch sind noch 48 Geiseln in der Gewalt der Terroristen. Die Familien dieser Menschen sehen den Angriff auf Gaza-Stadt als Todesurteil f\u00fcr die 20 noch lebenden Geiseln.<\/p>\n<p>Auch interessant<\/p>\n<p>Anzeige<\/p>\n<p>Auch interessant<\/p>\n<p>Anzeige<\/p>\n<p>Sie protestierten am Montagabend laut \u201e<a href=\"https:\/\/www.timesofisrael.com\/liveblog_entry\/hostage-families-camping-out-outside-pms-jerusalem-residence-in-sleeping-bags\/\" rel=\"noopener\" class=\"text-link--external text-link\" target=\"_blank\">Times of Israel<\/a>\u201c erneut vor dem Haus von Ministerpr\u00e4sident Netanjahu und warnten <a href=\"https:\/\/www.timesofisrael.com\/liveblog_entry\/hostages-forum-this-might-be-the-last-night-alive-for-captives-held-in-gaza\/\" rel=\"noopener\" class=\"text-link--external text-link\" target=\"_blank\">in einer gemeinsamen Erkl\u00e4rung<\/a>: \u201eDiese Nacht in Gaza k\u00f6nnte die letzte Nacht im Leben der Geiseln sein und die letzte Nacht mit der Chance, sie zu finden und zur\u00fcckzubringen.\u201c<\/p>\n<p>Unterdessen <a href=\"https:\/\/www.jpost.com\/israel-news\/article-867482\" rel=\"noopener\" class=\"text-link--external text-link\" target=\"_blank\">berichtete der TV-Sender KAN<\/a>, Hamas-Terroristen h\u00e4tten damit begonnen, die Geiseln aus ihren Terrortunneln an die Oberfl\u00e4che zu bringen, um sie als Schutzschilde gegen das Anr\u00fccken der Panzer und Soldaten zu missbrauchen. US-Pr\u00e4sident Trump schrieb daraufhin w\u00fctend bei \u201eTruth Social\u201c: \u201eDies ist eine menschliche Gr\u00e4ueltat, wie sie nur wenige Menschen jemals zuvor gesehen haben. Lasst sofort alle Geiseln frei!\u201c <\/p>\n","protected":false},"excerpt":{"rendered":"Das israelische Milit\u00e4r hat offenbar seine Bodenoffensive auf die Stadt Gaza begonnen. Medien wie die \u201eJerusalem Post\u201c und&hellip;\n","protected":false},"author":2,"featured_media":426288,"comment_status":"","ping_status":"","sticky":false,"template":"","format":"standard","meta":{"footnotes":""},"categories":[3],"tags":[739,2547,410,13,411,14,19462,15,12,45,10,8,9,11,103,104],"class_list":{"0":"post-426287","1":"post","2":"type-post","3":"status-publish","4":"format-standard","5":"has-post-thumbnail","7":"category-welt","8":"tag-gaza","9":"tag-gaza-streifen","10":"tag-hamas","11":"tag-headlines","12":"tag-israel","13":"tag-nachrichten","14":"tag-nahost-konflikt","15":"tag-news","16":"tag-schlagzeilen","17":"tag-texttospeech","18":"tag-top-news","19":"tag-top-meldungen","20":"tag-topmeldungen","21":"tag-topnews","22":"tag-welt","23":"tag-world"},"share_on_mastodon":{"url":"https:\/\/pubeurope.com\/@de\/115212024780518352","error":""},"_links":{"self":[{"href":"https:\/\/www.europesays.com\/de\/wp-json\/wp\/v2\/posts\/426287","targetHints":{"allow":["GET"]}}],"collection":[{"href":"https:\/\/www.europesays.com\/de\/wp-json\/wp\/v2\/posts"}],"about":[{"href":"https:\/\/www.europesays.com\/de\/wp-json\/wp\/v2\/types\/post"}],"author":[{"embeddable":true,"href":"https:\/\/www.europesays.com\/de\/wp-json\/wp\/v2\/users\/2"}],"replies":[{"embeddable":true,"href":"https:\/\/www.europesays.com\/de\/wp-json\/wp\/v2\/comments?post=426287"}],"version-history":[{"count":0,"href":"https:\/\/www.europesays.com\/de\/wp-json\/wp\/v2\/posts\/426287\/revisions"}],"wp:featuredmedia":[{"embeddable":true,"href":"https:\/\/www.europesays.com\/de\/wp-json\/wp\/v2\/media\/426288"}],"wp:attachment":[{"href":"https:\/\/www.europesays.com\/de\/wp-json\/wp\/v2\/media?parent=426287"}],"wp:term":[{"taxonomy":"category","embeddable":true,"href":"https:\/\/www.europesays.com\/de\/wp-json\/wp\/v2\/categories?post=426287"},{"taxonomy":"post_tag","embeddable":true,"href":"https:\/\/www.europesays.com\/de\/wp-json\/wp\/v2\/tags?post=426287"}],"curies":[{"name":"wp","href":"https:\/\/api.w.org\/{rel}","templated":true}]}}