{"id":426297,"date":"2025-09-16T04:17:12","date_gmt":"2025-09-16T04:17:12","guid":{"rendered":"https:\/\/www.europesays.com\/de\/426297\/"},"modified":"2025-09-16T04:17:12","modified_gmt":"2025-09-16T04:17:12","slug":"hier-kommen-die-blumen-auch-per-lieferando-zum-kunden","status":"publish","type":"post","link":"https:\/\/www.europesays.com\/de\/426297\/","title":{"rendered":"Hier kommen die Blumen auch per Lieferando zum Kunden"},"content":{"rendered":"<p class=\"bold\">\n\t\t\t\t\t\t\t\t\t\tAm Samstag er\u00f6ffnen die Inhaber der Liza Blumen &amp; Geschenke Boutique ihr zweites Gesch\u00e4ft. Das wird mitten in der Innenstadt sein.\t\t\t\t<\/p>\n<p>\t\t\t\t Der Samstag wird f\u00fcr das Ehepaar Oleksandr Risenburh und seine Frau Eliza ein gro\u00dfer Tag. Vor genau zwei Jahren er\u00f6ffneten sie auf der Zwickauer Stra\u00dfe ein Gesch\u00e4ft. Der 20. September soll nun aber auch der Tag werden, an dem ein zweites dazu kommt \u2013 mitten in der Innenstadt und dreimal so gro\u00df.<\/p>\n<p>\t\t<img decoding=\"async\" class=\"fp-plus-logo\" src=\"https:\/\/www.freiepresse.de\/img\/fpplus.svg\" alt=\"Freie Presse plus Logo\"\/><\/p>\n<p>Registrieren und testen.<\/p>\n<p>Jetzt mit Ihrer Registrierung 1 Monat gratis testen und alle Beitr\u00e4ge lesen.<\/p>\n<p>Schon Abonnent? Melden Sie sich mit ihren Zugangsdaten an.<\/p>\n","protected":false},"excerpt":{"rendered":"Am Samstag er\u00f6ffnen die Inhaber der Liza Blumen &amp; Geschenke Boutique ihr zweites Gesch\u00e4ft. Das wird mitten in&hellip;\n","protected":false},"author":2,"featured_media":426298,"comment_status":"","ping_status":"","sticky":false,"template":"","format":"standard","meta":{"footnotes":""},"categories":[1851],"tags":[2770,3364,29,548,663,3934,30,3986,13,14,15,859,12],"class_list":{"0":"post-426297","1":"post","2":"type-post","3":"status-publish","4":"format-standard","5":"has-post-thumbnail","7":"category-chemnitz","8":"tag-chemnitz","9":"tag-de","10":"tag-deutschland","11":"tag-eu","12":"tag-europa","13":"tag-europe","14":"tag-germany","15":"tag-handel","16":"tag-headlines","17":"tag-nachrichten","18":"tag-news","19":"tag-sachsen","20":"tag-schlagzeilen"},"share_on_mastodon":{"url":"https:\/\/pubeurope.com\/@de\/115212048467641984","error":""},"_links":{"self":[{"href":"https:\/\/www.europesays.com\/de\/wp-json\/wp\/v2\/posts\/426297","targetHints":{"allow":["GET"]}}],"collection":[{"href":"https:\/\/www.europesays.com\/de\/wp-json\/wp\/v2\/posts"}],"about":[{"href":"https:\/\/www.europesays.com\/de\/wp-json\/wp\/v2\/types\/post"}],"author":[{"embeddable":true,"href":"https:\/\/www.europesays.com\/de\/wp-json\/wp\/v2\/users\/2"}],"replies":[{"embeddable":true,"href":"https:\/\/www.europesays.com\/de\/wp-json\/wp\/v2\/comments?post=426297"}],"version-history":[{"count":0,"href":"https:\/\/www.europesays.com\/de\/wp-json\/wp\/v2\/posts\/426297\/revisions"}],"wp:featuredmedia":[{"embeddable":true,"href":"https:\/\/www.europesays.com\/de\/wp-json\/wp\/v2\/media\/426298"}],"wp:attachment":[{"href":"https:\/\/www.europesays.com\/de\/wp-json\/wp\/v2\/media?parent=426297"}],"wp:term":[{"taxonomy":"category","embeddable":true,"href":"https:\/\/www.europesays.com\/de\/wp-json\/wp\/v2\/categories?post=426297"},{"taxonomy":"post_tag","embeddable":true,"href":"https:\/\/www.europesays.com\/de\/wp-json\/wp\/v2\/tags?post=426297"}],"curies":[{"name":"wp","href":"https:\/\/api.w.org\/{rel}","templated":true}]}}