{"id":426365,"date":"2025-09-16T04:54:09","date_gmt":"2025-09-16T04:54:09","guid":{"rendered":"https:\/\/www.europesays.com\/de\/426365\/"},"modified":"2025-09-16T04:54:09","modified_gmt":"2025-09-16T04:54:09","slug":"land-bremen-gibt-weniger-geld-fuer-unterbringung-von-fluechtlingen-aus","status":"publish","type":"post","link":"https:\/\/www.europesays.com\/de\/426365\/","title":{"rendered":"Land Bremen gibt weniger Geld f\u00fcr Unterbringung von Fl\u00fcchtlingen aus"},"content":{"rendered":"<p class=\"article-toplinewrapper\">\n<p>Standdatum: 16. September 2025.<\/p>\n<p>Autorinnen und Autoren:<br \/>\nFolkert Lenz<\/p>\n<p><a href=\"https:\/\/www.butenunbinnen.de\/bilder\/notunterkunft-flaggen-flur-kind-mutter-100~_v-800x450_c-1713805023566.jpg\" data-gallery-entry-for=\"kosten-fluechtlinge-bremen-sinken-100\" data-size=\"1920x1080\" class=\"text-link\" rel=\"nofollow noopener\" target=\"_blank\"><\/p>\n<p><img decoding=\"async\" class=\"image -image-with-fallback -image-rounded  lazyload\" src=\"data:image\/gif;base64,R0lGODlhEAAJAIAAAP\/\/\/\/\/\/\/yH5BAEKAAEALAAAAAAQAAkAAAIKjI+py+0Po5yUFQA7\"   alt=\"Eine Frau und ein Kind im Flur einer Notunterkunft. An die W\u00e4nde sind bunte Flaggen aus aller Welt gemalt.\" title=\"Bild: Radio Bremen\" data-image-owner=\"Radio Bremen\" data-image-title=\"Eine Frau und ein Kind im Flur einer Notunterkunft. An die W\u00e4nde sind bunte Flaggen aus aller Welt gemalt.\" data-image-src=\"https:\/\/www.butenunbinnen.de\/bilder\/notunterkunft-flaggen-flur-kind-mutter-100~_v-800x450_c-1713805023566.jpg\" data-image-rights-src=\"\/bilder\/notunterkunft-flaggen-flur-kind-mutter-100~_v-640x360_c-1713805023566.jpg\"\/><\/p>\n<p><\/a><\/p>\n<p>Die FDP-Fraktion in der B\u00fcrgerschaft hatte nach den Zahlen gefragt.<\/p>\n<p>Bild: Radio Bremen<\/p>\n<p class=\"article-intro\">Rund 20 Millionen Euro pro Jahr gibt das Land Bremen f\u00fcr Aufnahmeeinrichtungen und Notunterk\u00fcnfte aus. Der Grund: H\u00e4ufiger werden Menschen in regul\u00e4ren Unterk\u00fcnften untergebracht.<\/p>\n<p>Zus\u00e4tzlich kommen f\u00fcr die Stadt Bremen noch fast 23 Millionen Euro f\u00fcr \u00dcbergangswohnheime f\u00fcr Fl\u00fcchtlinge, wie Berechnungen des Senats zeigen, die buten un binnen vorliegen. In Bremerhaven schlagen die Unterkunftskosten laut den Senatsangaben mit 635.000 Euro j\u00e4hrlich zus\u00e4tzlich zu Buche. <\/p>\n<p>Trotz Inflation und Preissteigerungen sind damit die Kosten im Landesaufnahmesystem zuletzt um ein Viertel gesunken, hei\u00dft es weiter. In Bremerhaven ist sogar ein R\u00fcckgang um fast die H\u00e4lfte (45 Prozent) zu beobachten. Die Stadt Bremen muss immerhin acht Prozent weniger Geld f\u00fcr die Wohnungen von Fl\u00fcchtlingen ausgeben. <\/p>\n<p>Noteinrichtungen sind oft teuer<\/p>\n<p>Die Kosten sind gesunken, weil immer h\u00e4ufiger Menschen in regul\u00e4ren Unterk\u00fcnften untergebracht werden k\u00f6nnen. Teure Noteinrichtungen fallen weg. So sollen auch die Leichtbauhallen in der Bremer Sankt-J\u00fcrgen-Stra\u00dfe ab Ende des Jahres nicht mehr genutzt werden. <\/p>\n<p>Mehr zu Fl\u00fcchtlingen in Bremen:<\/p>\n<p class=\"article-legal-broadcast-reference\"><strong>Dieses Thema im Programm:<\/strong><br \/>\nBremen Eins, Nachrichten, 16. September 2025, 6 Uhr<\/p>\n","protected":false},"excerpt":{"rendered":"Standdatum: 16. September 2025. Autorinnen und Autoren: Folkert Lenz Die FDP-Fraktion in der B\u00fcrgerschaft hatte nach den Zahlen&hellip;\n","protected":false},"author":2,"featured_media":426366,"comment_status":"","ping_status":"","sticky":false,"template":"","format":"standard","meta":{"footnotes":""},"categories":[1824],"tags":[2420,3364,29,30],"class_list":{"0":"post-426365","1":"post","2":"type-post","3":"status-publish","4":"format-standard","5":"has-post-thumbnail","7":"category-bremen","8":"tag-bremen","9":"tag-de","10":"tag-deutschland","11":"tag-germany"},"share_on_mastodon":{"url":"https:\/\/pubeurope.com\/@de\/115212193863851112","error":""},"_links":{"self":[{"href":"https:\/\/www.europesays.com\/de\/wp-json\/wp\/v2\/posts\/426365","targetHints":{"allow":["GET"]}}],"collection":[{"href":"https:\/\/www.europesays.com\/de\/wp-json\/wp\/v2\/posts"}],"about":[{"href":"https:\/\/www.europesays.com\/de\/wp-json\/wp\/v2\/types\/post"}],"author":[{"embeddable":true,"href":"https:\/\/www.europesays.com\/de\/wp-json\/wp\/v2\/users\/2"}],"replies":[{"embeddable":true,"href":"https:\/\/www.europesays.com\/de\/wp-json\/wp\/v2\/comments?post=426365"}],"version-history":[{"count":0,"href":"https:\/\/www.europesays.com\/de\/wp-json\/wp\/v2\/posts\/426365\/revisions"}],"wp:featuredmedia":[{"embeddable":true,"href":"https:\/\/www.europesays.com\/de\/wp-json\/wp\/v2\/media\/426366"}],"wp:attachment":[{"href":"https:\/\/www.europesays.com\/de\/wp-json\/wp\/v2\/media?parent=426365"}],"wp:term":[{"taxonomy":"category","embeddable":true,"href":"https:\/\/www.europesays.com\/de\/wp-json\/wp\/v2\/categories?post=426365"},{"taxonomy":"post_tag","embeddable":true,"href":"https:\/\/www.europesays.com\/de\/wp-json\/wp\/v2\/tags?post=426365"}],"curies":[{"name":"wp","href":"https:\/\/api.w.org\/{rel}","templated":true}]}}