{"id":426493,"date":"2025-09-16T06:05:16","date_gmt":"2025-09-16T06:05:16","guid":{"rendered":"https:\/\/www.europesays.com\/de\/426493\/"},"modified":"2025-09-16T06:05:16","modified_gmt":"2025-09-16T06:05:16","slug":"us-notenbank-fed-der-unglaubliche-aufstieg-des-stephen-miran","status":"publish","type":"post","link":"https:\/\/www.europesays.com\/de\/426493\/","title":{"rendered":"US-Notenbank Fed: Der unglaubliche Aufstieg des Stephen Miran"},"content":{"rendered":"<p>\n                        Ein nahezu unbekannter \u00d6konom soll k\u00fcnftig die globale Geldpolitik in Trumps Sinne beeinflussen. Wer ist der Mann, der nun als neuer Fed-Gouverneur gew\u00e4hlt wurde?\n                    <\/p>\n<p>        16. September 2025, 6:33 Uhr\n    <\/p>\n<p>        <a class=\"z-text-button\" href=\"#comments\" title=\"Kommentare anzeigen\" data-ct-row=\"comments\" data-ct-column=\"false\"><\/p>\n<p>            28<br \/>\n            Kommentare<br \/>\n        <\/a><br \/>\n    Zusammenfassen<\/p>\n<p>                Schlie\u00dfen<br \/>\n                Artikelzusammenfassung<\/p>\n<p>Stephen Miran, einst unbekannt, ist nun Trumps Mann bei der US-Notenbank, was die Unabh\u00e4ngigkeit der Fed gef\u00e4hrdet. Trump dr\u00e4ngt auf loyalere Gouverneure, um die Zinsen zu senken und die Wirtschaft anzukurbeln. Mirans Ernennung bringt Trump seinem Ziel n\u00e4her, das Fed-Gremium zu kontrollieren. Seine Ideen zur Geldpolitik sto\u00dfen auf Kritik, da sie wirtschaftliche Risiken bergen. Miran, eine umstrittene Figur, k\u00f6nnte Trumps Pl\u00e4ne zur Neuordnung des globalen Handelssystems vorantreiben.<\/p>\n<p>                Diese Zusammenfassung wurde mithilfe von K\u00fcnstlicher Intelligenz erstellt. Vereinzelt kann es dabei zu Fehlern kommen.<\/p>\n<p class=\"summy__feedback-paragraph\">Fanden Sie die Zusammenfassung hilfreich? <\/p>\n<p>                        Gef\u00e4llt mir<\/p>\n<p>                        Gef\u00e4llt mir<\/p>\n<p>                        Gef\u00e4llt mir nicht<\/p>\n<p>                        Gef\u00e4llt mir nicht<\/p>\n<p>                        Send<\/p>\n<p>            <img decoding=\"async\" class=\"article__media-item\" src=\"https:\/\/www.europesays.com\/de\/wp-content\/uploads\/2025\/09\/1758002716_892_wide__1000x562.jpeg\" alt=\"US-Notenbank Fed: Stephen Miran\"\/><\/p>\n<p>                    Stephen Miran<br \/>\n            \u00a9\u00a0Daniel Heuer\/\u200bBloomberg\/\u200bGetty Images<\/p>\n<p class=\"paragraph\">Bis vor ein paar Monaten sagte der Name Stephen Miran nicht einmal Insidern der Finanzbranche etwas. Seither hat sich der 42-J\u00e4hrige zum obersten Wirtschaftsberater von <a class=\"rtr-entity\" href=\"https:\/\/www.zeit.de\/thema\/donald-trump\" target=\"_blank\" rel=\"noopener\">Donald Trump<\/a> im Wei\u00dfen Haus gemausert. Und seit Montag ist Miran nun dessen neuer Mann bei der US-Notenbank: Er wurde vom Senat mit einer knappen Mehrheit als neuer Gouverneur der Federal Reserve best\u00e4tigt. Die Demokraten sehen in Mirans Ernennung einen weiteren Schritt Trumps, eine der letzten unabh\u00e4ngigen Institutionen in Washington in seinen Griff zu bekommen.<\/p>\n","protected":false},"excerpt":{"rendered":"Ein nahezu unbekannter \u00d6konom soll k\u00fcnftig die globale Geldpolitik in Trumps Sinne beeinflussen. Wer ist der Mann, der&hellip;\n","protected":false},"author":2,"featured_media":426494,"comment_status":"","ping_status":"","sticky":false,"template":"","format":"standard","meta":{"footnotes":""},"categories":[5],"tags":[331,332,3364,29,106,16835,30,13,14,15,25547,21059,12,24322,51821,64,55],"class_list":{"0":"post-426493","1":"post","2":"type-post","3":"status-publish","4":"format-standard","5":"has-post-thumbnail","7":"category-nachrichten","8":"tag-aktuelle-nachrichten","9":"tag-aktuelle-news","10":"tag-de","11":"tag-deutschland","12":"tag-donald-trump","13":"tag-geldpolitik","14":"tag-germany","15":"tag-headlines","16":"tag-nachrichten","17":"tag-news","18":"tag-notenbank","19":"tag-republikaner-usa","20":"tag-schlagzeilen","21":"tag-us-notenbank","22":"tag-us-notenbank-fed","23":"tag-usa","24":"tag-wirtschaft"},"share_on_mastodon":{"url":"https:\/\/pubeurope.com\/@de\/115212473633255296","error":""},"_links":{"self":[{"href":"https:\/\/www.europesays.com\/de\/wp-json\/wp\/v2\/posts\/426493","targetHints":{"allow":["GET"]}}],"collection":[{"href":"https:\/\/www.europesays.com\/de\/wp-json\/wp\/v2\/posts"}],"about":[{"href":"https:\/\/www.europesays.com\/de\/wp-json\/wp\/v2\/types\/post"}],"author":[{"embeddable":true,"href":"https:\/\/www.europesays.com\/de\/wp-json\/wp\/v2\/users\/2"}],"replies":[{"embeddable":true,"href":"https:\/\/www.europesays.com\/de\/wp-json\/wp\/v2\/comments?post=426493"}],"version-history":[{"count":0,"href":"https:\/\/www.europesays.com\/de\/wp-json\/wp\/v2\/posts\/426493\/revisions"}],"wp:featuredmedia":[{"embeddable":true,"href":"https:\/\/www.europesays.com\/de\/wp-json\/wp\/v2\/media\/426494"}],"wp:attachment":[{"href":"https:\/\/www.europesays.com\/de\/wp-json\/wp\/v2\/media?parent=426493"}],"wp:term":[{"taxonomy":"category","embeddable":true,"href":"https:\/\/www.europesays.com\/de\/wp-json\/wp\/v2\/categories?post=426493"},{"taxonomy":"post_tag","embeddable":true,"href":"https:\/\/www.europesays.com\/de\/wp-json\/wp\/v2\/tags?post=426493"}],"curies":[{"name":"wp","href":"https:\/\/api.w.org\/{rel}","templated":true}]}}