{"id":426598,"date":"2025-09-16T07:03:11","date_gmt":"2025-09-16T07:03:11","guid":{"rendered":"https:\/\/www.europesays.com\/de\/426598\/"},"modified":"2025-09-16T07:03:11","modified_gmt":"2025-09-16T07:03:11","slug":"dritte-wegberger-kunstmeile-mit-vielfaeltigem-angebot","status":"publish","type":"post","link":"https:\/\/www.europesays.com\/de\/426598\/","title":{"rendered":"Dritte Wegberger Kunstmeile mit vielf\u00e4ltigem Angebot"},"content":{"rendered":"<p class=\"text_ohne_einzug richtext text-em-55 !leading-serif mx-6 desktop:mx-0\">Seit Jahrzehnten kennt man es aus Kom\u00f6dien oder Spielfilmen: Eine Figur l\u00e4uft mit einem sperrigen Kunstwerk unter dem Arm durch die Stadt. Am Sonntag spielte sich diese Szene auch in der Wegberger Innenstadt ab \u2013 allerdings ohne dramatische Pointe, sondern im Zuge der dritten Kunstmeile auf dem Parkgel\u00e4nde des Alten Friedhofs an der Bahnhofstra\u00dfe.<\/p>\n<p class=\"richtext text-em-55 !leading-serif mx-6 desktop:mx-0\">Ab 11 Uhr zeigten verschiedene K\u00fcnstlerinnen und K\u00fcnstler dort ihre Werke, die sie an ihren eigenen St\u00e4nden pr\u00e4sentierten. Organisiert wurde die Veranstaltung von der Molax Creativ UG, samt Livemusik von Charlotte Neumann und Kevin Kr\u00e4mer sowie einer Versteigerung am Nachmittag zugunsten der Organisation Sankt Martin hilft, die ebenfalls am Sonntag ihr zehnj\u00e4hriges Bestehen feierte. Vor Ort gab es auch eine Vorf\u00fchrung von Powertex Deutschland sowie einen \u201ePouring-Workshop\u201c f\u00fcr Kinder. Haupts\u00e4chlich ging es aber um Kunst: Von Malerei bis hin zu Schmuck, Fotografie und Handarbeiten wurde den Besuchern ein vielf\u00e4ltiges Angebot pr\u00e4sentiert.<\/p>\n<p class=\"richtext text-em-55 !leading-serif mx-6 desktop:mx-0\">Eine der K\u00fcnstlerinnen vor Ort: Claudia Brunke-Pre\u00dfmar aus M\u00f6nchengladbach, die ihre Kunstwerke in verschiedenen Stilrichtungen auf die Leinw\u00e4nde bringt. \u201eEs war hier immer etwas los, aber es war nicht so, dass sich die Leute durch die St\u00e4nde geschoben haben\u201c, sagte sie. Eine angenehme Atmosph\u00e4re, in der sie mit den Besuchern ins Gespr\u00e4ch kommen und \u00fcber ihre Werke sprechen konnte: \u201eIch liebe es zu sehen, wenn anderen Menschen etwas an meinen Bildern gef\u00e4llt und ich jemandem eine Freude machen kann.\u201c<\/p>\n<p class=\"richtext text-em-55 !leading-serif mx-6 desktop:mx-0\">Ihren Weg in die Malerei habe Brunke-Pre\u00dfmar 2016 wiedergefunden, nachdem sie bereits in Kindheitstagen mit dem Malen angefangen habe. Grund daf\u00fcr: \u201eMein Mann und ich waren auf unserer Hochzeitsreise in Afrika, da haben wir ein Bild mit einem Elefanten gesehen und wollten es unbedingt mit nach Hause nehmen.\u201c Doch in das Flugzeug habe sie es nicht mitnehmen k\u00f6nnen \u2013 weswegen sie selbst zu Farben und Pinsel griff, als sie wieder in Deutschland war. Hauptberuflich leitet sie eine Praxis f\u00fcr Kosmetik, doch beim Malen k\u00f6nne sie abschalten und ihrer Kreativit\u00e4t freien Lauf lassen.<\/p>\n<p class=\"richtext text-em-55 !leading-serif mx-6 desktop:mx-0\">Dabei gehe sie vor allem auf die Ausstellungen, die ihr pers\u00f6nlich gefallen \u2013 der finanzielle Aspekt spiele eine untergeordnete Rolle: \u201eIch habe schon Freude daran, meine Bilder auch zu verkaufen. Aber haupts\u00e4chlich male ich aus Spa\u00df oder aus Eingebung, wenn mir etwas gef\u00e4llt. Das k\u00f6nnen Kolibris sein, aber ich habe auch schon ein altes T-Shirt in einem Bild verarbeitet\u201c, erinnerte sie sich. Schlie\u00dflich war sie bereits seit neun Uhr morgens mit ihrem Mann vor Ort \u2013 zwei Stunden ben\u00f6tigten sie f\u00fcr den Aufbau, am fr\u00fchen Abend haben sie mit dem Abbau begonnen.<\/p>\n<p class=\"richtext text-em-55 !leading-serif mx-6 desktop:mx-0\">Diese Zeit mussten auch die anderen K\u00fcnstler mitbringen: Portr\u00e4ts, Landschaftsgem\u00e4lde in verschiedenen Gr\u00f6\u00dfen oder Bleistift-Zeichnungen von Tieren und Personen \u2013 all das wurde sorgf\u00e4ltig an den verschiedenen St\u00e4nden auf Tischen und St\u00fchlen aufgereiht. Oder mithilfe von Haken an den Zelten befestigt, wie beispielsweise am Stand von Helena K\u00f6ster.<\/p>\n<p class=\"richtext text-em-55 !leading-serif mx-6 desktop:mx-0\">Doch was K\u00f6ster ausstellt, sind keine Zeichnungen oder Gem\u00e4lde \u2013 ihre Kunst besteht in der Anfertigung handgemachter Dekorations- und Design-Artikel. \u201eIch falle hier nat\u00fcrlich etwas auf mit meinen Artikeln\u201c, gab sie zu. \u201eAber ich war bei der ersten Kunstmeile schon dabei und finde die Umgebung hier entspannend.\u201c Beste Voraussetzungen, um ihre Kunst auszustellen.<\/p>\n<p class=\"richtext text-em-55 !leading-serif mx-6 desktop:mx-0\">Hauptberuflich ist sie als Sozialp\u00e4dagogin t\u00e4tig, doch in der Anfertigung ihrer Produkte findet sie einen Ausgleich vom stressigen Alltag. Ihre Makramees vermietet sie vor allem auf Hochzeiten oder Geburtstagen als Dekoration. \u201eIch habe auch einen gro\u00dfen Traubogen hier und Vasen f\u00fcr Gastgeschenke\u201c, sagte K\u00f6ster.<\/p>\n<p class=\"richtext text-em-55 !leading-serif mx-6 desktop:mx-0\">Und auch wenn sie wenig verkauft habe am Sonntag, habe sie einige nette Menschen kennengelernt: \u201eEs waren zwar nicht so viele Leute hier, aber die, die da waren, zeigten sich interessiert und freundlich.\u201c Sollte es also im n\u00e4chsten Jahr die vierte Auflage der Wegberger Kunstmeile geben, wird sie vermutlich mit dabei sein: \u201eZwischen den B\u00e4umen, auf der Wiese, das ist was ganz anderes. Das ist der sch\u00f6nste Markt, auf dem ich in diesem Jahr war\u201c, befand sie.<\/p>\n","protected":false},"excerpt":{"rendered":"Seit Jahrzehnten kennt man es aus Kom\u00f6dien oder Spielfilmen: Eine Figur l\u00e4uft mit einem sperrigen Kunstwerk unter dem&hellip;\n","protected":false},"author":2,"featured_media":426599,"comment_status":"","ping_status":"","sticky":false,"template":"","format":"standard","meta":{"footnotes":""},"categories":[1849],"tags":[3364,29,548,663,3934,30,13,2075,3910,4815,24729,14117,4818,4929,2705,4455,14,15,1209,68660,12,31023,39781,40590,27898,111730],"class_list":{"0":"post-426598","1":"post","2":"type-post","3":"status-publish","4":"format-standard","5":"has-post-thumbnail","7":"category-moenchengladbach","8":"tag-de","9":"tag-deutschland","10":"tag-eu","11":"tag-europa","12":"tag-europe","13":"tag-germany","14":"tag-headlines","15":"tag-kunst","16":"tag-kuenstler","17":"tag-kuenstlerinnen","18":"tag-kunstmeile","19":"tag-kunstwerk","20":"tag-kunstwerke","21":"tag-male","22":"tag-malerei","23":"tag-moenchengladbach","24":"tag-nachrichten","25":"tag-news","26":"tag-nordrhein-westfalen","27":"tag-praesentiert","28":"tag-schlagzeilen","29":"tag-verschiedene","30":"tag-wegberg","31":"tag-wegberger","32":"tag-werke","33":"tag-zeigten"},"share_on_mastodon":{"url":"https:\/\/pubeurope.com\/@de\/115212701242133170","error":""},"_links":{"self":[{"href":"https:\/\/www.europesays.com\/de\/wp-json\/wp\/v2\/posts\/426598","targetHints":{"allow":["GET"]}}],"collection":[{"href":"https:\/\/www.europesays.com\/de\/wp-json\/wp\/v2\/posts"}],"about":[{"href":"https:\/\/www.europesays.com\/de\/wp-json\/wp\/v2\/types\/post"}],"author":[{"embeddable":true,"href":"https:\/\/www.europesays.com\/de\/wp-json\/wp\/v2\/users\/2"}],"replies":[{"embeddable":true,"href":"https:\/\/www.europesays.com\/de\/wp-json\/wp\/v2\/comments?post=426598"}],"version-history":[{"count":0,"href":"https:\/\/www.europesays.com\/de\/wp-json\/wp\/v2\/posts\/426598\/revisions"}],"wp:featuredmedia":[{"embeddable":true,"href":"https:\/\/www.europesays.com\/de\/wp-json\/wp\/v2\/media\/426599"}],"wp:attachment":[{"href":"https:\/\/www.europesays.com\/de\/wp-json\/wp\/v2\/media?parent=426598"}],"wp:term":[{"taxonomy":"category","embeddable":true,"href":"https:\/\/www.europesays.com\/de\/wp-json\/wp\/v2\/categories?post=426598"},{"taxonomy":"post_tag","embeddable":true,"href":"https:\/\/www.europesays.com\/de\/wp-json\/wp\/v2\/tags?post=426598"}],"curies":[{"name":"wp","href":"https:\/\/api.w.org\/{rel}","templated":true}]}}