{"id":426695,"date":"2025-09-16T07:54:14","date_gmt":"2025-09-16T07:54:14","guid":{"rendered":"https:\/\/www.europesays.com\/de\/426695\/"},"modified":"2025-09-16T07:54:14","modified_gmt":"2025-09-16T07:54:14","slug":"koeln-bonn-verbotener-schlagring-bei-gepaeckkontrolle-entdeckt-regional","status":"publish","type":"post","link":"https:\/\/www.europesays.com\/de\/426695\/","title":{"rendered":"K\u00f6ln\/Bonn: Verbotener Schlagring bei Gep\u00e4ckkontrolle entdeckt | Regional"},"content":{"rendered":"<p>K\u00f6ln\/Bonn \u2013 <b>Ein 22-j\u00e4hriger Ukrainer verpasst seinen Flug nach Barcelona, weil bei der Sicherheitskontrolle ein verbotener Schlagring in seinem Gep\u00e4ck entdeckt wurde.<\/b><\/p>\n<p>Am 15.09.2025 fanden Sicherheitskr\u00e4fte am Flughafen K\u00f6ln\/Bonn bei einer Gep\u00e4ckkontrolle den Schlagring. Die Bundespolizei identifizierte die Waffe eindeutig als illegal nach dem Waffengesetz. Der Schlagring wurde sichergestellt.<\/p>\n<p>Nach Abschluss der polizeilichen Ma\u00dfnahmen durfte der Mann grunds\u00e4tzlich weiterreisen, doch die Verz\u00f6gerung f\u00fchrte dazu, dass er seinen Flug nicht mehr erreichte. Er wurde anschlie\u00dfend von der Flughafensicherheit aus dem Sicherheitsbereich begleitet.<\/p>\n<p>Die Bundespolizei betont, dass der Besitz und das Mitf\u00fchren von verbotenen Waffen wie Schlagringen in Deutschland strafbar ist und mit Geld- oder Freiheitsstrafen geahndet werden kann.<\/p>\n<p>Dieser Text basiert auf einer offiziellen Beh\u00f6rden-Information und wurde mit Hilfe von KI erstellt.<\/p>\n","protected":false},"excerpt":{"rendered":"K\u00f6ln\/Bonn \u2013 Ein 22-j\u00e4hriger Ukrainer verpasst seinen Flug nach Barcelona, weil bei der Sicherheitskontrolle ein verbotener Schlagring in&hellip;\n","protected":false},"author":2,"featured_media":391561,"comment_status":"","ping_status":"","sticky":false,"template":"","format":"standard","meta":{"footnotes":""},"categories":[1828],"tags":[29,30,1000,2509,1420,1209,121,45,1995],"class_list":{"0":"post-426695","1":"post","2":"type-post","3":"status-publish","4":"format-standard","5":"has-post-thumbnail","7":"category-koeln","8":"tag-deutschland","9":"tag-germany","10":"tag-gewalt","11":"tag-ki-ots","12":"tag-koeln","13":"tag-nordrhein-westfalen","14":"tag-polizei","15":"tag-texttospeech","16":"tag-verbrechen"},"share_on_mastodon":{"url":"https:\/\/pubeurope.com\/@de\/115212901632637534","error":""},"_links":{"self":[{"href":"https:\/\/www.europesays.com\/de\/wp-json\/wp\/v2\/posts\/426695","targetHints":{"allow":["GET"]}}],"collection":[{"href":"https:\/\/www.europesays.com\/de\/wp-json\/wp\/v2\/posts"}],"about":[{"href":"https:\/\/www.europesays.com\/de\/wp-json\/wp\/v2\/types\/post"}],"author":[{"embeddable":true,"href":"https:\/\/www.europesays.com\/de\/wp-json\/wp\/v2\/users\/2"}],"replies":[{"embeddable":true,"href":"https:\/\/www.europesays.com\/de\/wp-json\/wp\/v2\/comments?post=426695"}],"version-history":[{"count":0,"href":"https:\/\/www.europesays.com\/de\/wp-json\/wp\/v2\/posts\/426695\/revisions"}],"wp:featuredmedia":[{"embeddable":true,"href":"https:\/\/www.europesays.com\/de\/wp-json\/wp\/v2\/media\/391561"}],"wp:attachment":[{"href":"https:\/\/www.europesays.com\/de\/wp-json\/wp\/v2\/media?parent=426695"}],"wp:term":[{"taxonomy":"category","embeddable":true,"href":"https:\/\/www.europesays.com\/de\/wp-json\/wp\/v2\/categories?post=426695"},{"taxonomy":"post_tag","embeddable":true,"href":"https:\/\/www.europesays.com\/de\/wp-json\/wp\/v2\/tags?post=426695"}],"curies":[{"name":"wp","href":"https:\/\/api.w.org\/{rel}","templated":true}]}}