{"id":427039,"date":"2025-09-16T11:02:31","date_gmt":"2025-09-16T11:02:31","guid":{"rendered":"https:\/\/www.europesays.com\/de\/427039\/"},"modified":"2025-09-16T11:02:31","modified_gmt":"2025-09-16T11:02:31","slug":"kiel-institut-neues-design-und-geschaerfter-markenauftritt","status":"publish","type":"post","link":"https:\/\/www.europesays.com\/de\/427039\/","title":{"rendered":"Kiel Institut: Neues Design und gesch\u00e4rfter Markenauftritt"},"content":{"rendered":"<p>Das Kiel Institut f\u00fcr Weltwirtschaft pr\u00e4sentiert sich k\u00fcnftig in einem neuen Design. Die optische Ver\u00e4nderung geht mit einer Sch\u00e4rfung des Markenauftritts einher. Als pr\u00e4gnante Kurzform und f\u00fcr eine eindeutige nationale und internationale Wiedererkennung verzichtet das Haus k\u00fcnftig auf ein Buchstabenk\u00fcrzel und kommuniziert als das \u201eKiel Institut\u201c.<\/p>\n","protected":false},"excerpt":{"rendered":"Das Kiel Institut f\u00fcr Weltwirtschaft pr\u00e4sentiert sich k\u00fcnftig in einem neuen Design. Die optische Ver\u00e4nderung geht mit einer&hellip;\n","protected":false},"author":2,"featured_media":427040,"comment_status":"","ping_status":"","sticky":false,"template":"","format":"standard","meta":{"footnotes":""},"categories":[1852],"tags":[3364,29,548,663,3934,30,13,4949,14,15,12,1971],"class_list":{"0":"post-427039","1":"post","2":"type-post","3":"status-publish","4":"format-standard","5":"has-post-thumbnail","7":"category-kiel","8":"tag-de","9":"tag-deutschland","10":"tag-eu","11":"tag-europa","12":"tag-europe","13":"tag-germany","14":"tag-headlines","15":"tag-kiel","16":"tag-nachrichten","17":"tag-news","18":"tag-schlagzeilen","19":"tag-schleswig-holstein"},"share_on_mastodon":{"url":"https:\/\/pubeurope.com\/@de\/115213640997737483","error":""},"_links":{"self":[{"href":"https:\/\/www.europesays.com\/de\/wp-json\/wp\/v2\/posts\/427039","targetHints":{"allow":["GET"]}}],"collection":[{"href":"https:\/\/www.europesays.com\/de\/wp-json\/wp\/v2\/posts"}],"about":[{"href":"https:\/\/www.europesays.com\/de\/wp-json\/wp\/v2\/types\/post"}],"author":[{"embeddable":true,"href":"https:\/\/www.europesays.com\/de\/wp-json\/wp\/v2\/users\/2"}],"replies":[{"embeddable":true,"href":"https:\/\/www.europesays.com\/de\/wp-json\/wp\/v2\/comments?post=427039"}],"version-history":[{"count":0,"href":"https:\/\/www.europesays.com\/de\/wp-json\/wp\/v2\/posts\/427039\/revisions"}],"wp:featuredmedia":[{"embeddable":true,"href":"https:\/\/www.europesays.com\/de\/wp-json\/wp\/v2\/media\/427040"}],"wp:attachment":[{"href":"https:\/\/www.europesays.com\/de\/wp-json\/wp\/v2\/media?parent=427039"}],"wp:term":[{"taxonomy":"category","embeddable":true,"href":"https:\/\/www.europesays.com\/de\/wp-json\/wp\/v2\/categories?post=427039"},{"taxonomy":"post_tag","embeddable":true,"href":"https:\/\/www.europesays.com\/de\/wp-json\/wp\/v2\/tags?post=427039"}],"curies":[{"name":"wp","href":"https:\/\/api.w.org\/{rel}","templated":true}]}}