{"id":427060,"date":"2025-09-16T11:13:10","date_gmt":"2025-09-16T11:13:10","guid":{"rendered":"https:\/\/www.europesays.com\/de\/427060\/"},"modified":"2025-09-16T11:13:10","modified_gmt":"2025-09-16T11:13:10","slug":"prozess-um-in-waschmaschine-getoetetes-baby-gestartet","status":"publish","type":"post","link":"https:\/\/www.europesays.com\/de\/427060\/","title":{"rendered":"Prozess um in Waschmaschine get\u00f6tetes Baby gestartet"},"content":{"rendered":"<p>Hechingen (dpa) &#8211; Eine Frau soll ihr neugeborenes Baby heimlich in die Waschmaschine gelegt und damit get\u00f6tet haben. Jetzt muss sich die 35-J\u00e4hrige wegen Totschlags vor dem Landgericht Hechingen in Baden-W\u00fcrttemberg verantworten. Zu Prozessbeginn am Dienstag sagte die gelernte Altenpflegerin: \u00abIch wusste nicht, dass ich schwanger bin.\u00bb Sie habe aus Angst und Schock so gehandelt.<\/p>\n<p>Nach Auffassung der Staatsanwaltschaft soll die Frau ihre Schwangerschaft verheimlicht haben. Das Baby habe sie unbemerkt in einer gemeinsam mit ihrem Lebensgef\u00e4hrten bewohnten Wohnung in Albstadt zur Welt gebracht. Die Frau soll das Neugeborene dann mit schmutzigen Kleidungsst\u00fccken in die Waschmaschine gelegt und die Trommel geschlossen haben.<\/p>\n<p>Die Frau wurde laut Anklage am selben Abend Ende M\u00e4rz 2025 wegen starker Blutungen in eine Klinik gebracht. Derweil stellte ihr Partner die Waschmaschine an. Er hatte den Ermittlungen zufolge keine Kenntnis davon, dass sich das Neugeborene darin befand.\u00a0<\/p>\n<p>Richter: \u00abDas passt alles nicht zusammen\u00bb<\/p>\n<p>Durch den Waschvorgang erlitt das Baby ein schweres Sch\u00e4deltrauma. Nach dem Ergebnis der Obduktion starb es an den Folgen eines ausgedehnten Gehirn\u00f6dems, wobei auch ein Sauerstoffmangel in der Trommel seinen Tod mitverursacht haben k\u00f6nnte.\u00a0<\/p>\n<p>Die 35-J\u00e4hrige hielt es laut Staatsanwaltschaft an jenem Abend zumindest f\u00fcr m\u00f6glich und nahm billigend in Kauf, dass ihr Lebensgef\u00e4hrte die Waschmaschine anstellen w\u00fcrde, ohne das Baby zu entdecken. Der Richter sagte zur Angeklagten: \u00abDas alles passt nicht zusammen. Ihr Kind hatte nicht viel Gelegenheit gehabt, ma\u00dfgebliche Spuren in dieser Welt zu hinterlassen.\u00bb<\/p>\n<p>In dem Prozess sind noch drei Verhandlungstermine bis zum 6. Oktober anberaumt.<\/p>\n","protected":false},"excerpt":{"rendered":"Hechingen (dpa) &#8211; Eine Frau soll ihr neugeborenes Baby heimlich in die Waschmaschine gelegt und damit get\u00f6tet haben.&hellip;\n","protected":false},"author":2,"featured_media":427061,"comment_status":"","ping_status":"","sticky":false,"template":"","format":"standard","meta":{"footnotes":""},"categories":[1843],"tags":[6925,3364,29,30,1114,177,8970,1209,9326],"class_list":{"0":"post-427060","1":"post","2":"type-post","3":"status-publish","4":"format-standard","5":"has-post-thumbnail","7":"category-muenster","8":"tag-baden-wrttemberg","9":"tag-de","10":"tag-deutschland","11":"tag-germany","12":"tag-kinder","13":"tag-kriminalitt","14":"tag-muenster","15":"tag-nordrhein-westfalen","16":"tag-updateme"},"share_on_mastodon":{"url":"https:\/\/pubeurope.com\/@de\/115213684267739275","error":""},"_links":{"self":[{"href":"https:\/\/www.europesays.com\/de\/wp-json\/wp\/v2\/posts\/427060","targetHints":{"allow":["GET"]}}],"collection":[{"href":"https:\/\/www.europesays.com\/de\/wp-json\/wp\/v2\/posts"}],"about":[{"href":"https:\/\/www.europesays.com\/de\/wp-json\/wp\/v2\/types\/post"}],"author":[{"embeddable":true,"href":"https:\/\/www.europesays.com\/de\/wp-json\/wp\/v2\/users\/2"}],"replies":[{"embeddable":true,"href":"https:\/\/www.europesays.com\/de\/wp-json\/wp\/v2\/comments?post=427060"}],"version-history":[{"count":0,"href":"https:\/\/www.europesays.com\/de\/wp-json\/wp\/v2\/posts\/427060\/revisions"}],"wp:featuredmedia":[{"embeddable":true,"href":"https:\/\/www.europesays.com\/de\/wp-json\/wp\/v2\/media\/427061"}],"wp:attachment":[{"href":"https:\/\/www.europesays.com\/de\/wp-json\/wp\/v2\/media?parent=427060"}],"wp:term":[{"taxonomy":"category","embeddable":true,"href":"https:\/\/www.europesays.com\/de\/wp-json\/wp\/v2\/categories?post=427060"},{"taxonomy":"post_tag","embeddable":true,"href":"https:\/\/www.europesays.com\/de\/wp-json\/wp\/v2\/tags?post=427060"}],"curies":[{"name":"wp","href":"https:\/\/api.w.org\/{rel}","templated":true}]}}