{"id":427374,"date":"2025-09-16T14:02:10","date_gmt":"2025-09-16T14:02:10","guid":{"rendered":"https:\/\/www.europesays.com\/de\/427374\/"},"modified":"2025-09-16T14:02:10","modified_gmt":"2025-09-16T14:02:10","slug":"kriegsangst-mehrheit-fuerchtet-putins-angriff-auf-unser-land-bild","status":"publish","type":"post","link":"https:\/\/www.europesays.com\/de\/427374\/","title":{"rendered":"Kriegsangst! Mehrheit f\u00fcrchtet Putins Angriff auf unser Land &#8211; BILD"},"content":{"rendered":"<ol>\n<li><a href=\"https:\/\/news.google.com\/rss\/articles\/CBMivAFBVV95cUxOWFd5VF9XZ2FqZmR1enhsNWoxdkQwb2VTeWhPSnRXVW54bF9sdmluN21mdzJhdXkzLUYtbVpwcHlKOGhEVkljUGFTN25VOUo1a25fTFI1MnBrYmE1dG1USVRDTDg1ZUJ0NFhPUUhFVk5jQXU4QkdFcUUtcHk4SXByaWphbFJlYW5SWlBxVDRnaGFZam1GVEFyVTZIZU9NSHpNM0N2RTluOWxwOWlHekxpUTJuSWNKbGRESWlWVA?oc=5\" target=\"_blank\" rel=\"noopener\">Kriegsangst! Mehrheit f\u00fcrchtet Putins Angriff auf unser Land<\/a>&nbsp;&nbsp;BILD<\/li>\n<li><a href=\"https:\/\/news.google.com\/rss\/articles\/CBMiswFBVV95cUxNdUNzOVl1bGQ5WGRJTkg0OUlpbk9oV0FJajZYODNwTUZLSk1nOF95d2ViNmxvSzlHZ1BKWl90bUxjeVlMR2VYejJ2T2xaNzRfeWY0V0h0VHpydTloT05ZeldtYm5kTVF0NEVZUThTVkZIMjRpbVdDTl94RGhKM01aT3BRQUQ1ZWpQbkJqbGdnZWw5ekVuOVZJRWlrMFFPWWtTX1BzSXE4X0U2akhxN3ZoeWJFVQ?oc=5\" target=\"_blank\" rel=\"noopener\">Sind die Europ\u00e4er dem gewachsen?: Mehrheit der Deutschen bef\u00fcrchtet Ausweitung des Ukraine-Kriegs<\/a>&nbsp;&nbsp;Ntv<\/li>\n<li><a href=\"https:\/\/news.google.com\/rss\/articles\/CBMi1AFBVV95cUxQVEJPNzBkRkJveHZJVFhOTENvVlJOUFY5SUhkbEVGVllUZXQxTU9lYTZHWkR4bXpmRlkwbHRwQWtjandYdFJ0WnB5eWRRQWpXTGQ2Tkw5OURDc1FmUWQtbG5tUjI5cmhwVnF1TUl2c3BWV1NKV3FkRUUzckJ6Z3lzel95bkZGRWFIaG1ubFh6VFBDRnhNUjdMR0YxWGtYTGVlQldKQ3hyRXZDMnNHd3FvOFVsNXpZME1yVkRoczdhcWc2Y2JuYUp1a2wxTFVVLUo3VS14cQ?oc=5\" target=\"_blank\" rel=\"noopener\">Putin l\u00e4sst Kampfdrohnen nach Polen fliegen: Droht die n\u00e4chste Eskalation?<\/a>&nbsp;&nbsp;FAZ<\/li>\n<li><a href=\"https:\/\/news.google.com\/rss\/articles\/CBMitgFBVV95cUxPWWVLSFU1ZElNczRyRndxSU5xUC1CaDk4VDkyN2hMaTdCOVZ4ZDJKTzVfZ3RIN0lZcnpKMklWYURaQnM1SzB0aHB5UHU0elVFOWM5VFBFYWxtbnpPeGh5dl8ySVA2eV9CT3dQYkVvOUdNZlB5aHExRDVTOEFmUHBZY3ZudW1rQzlwejV5aWdaZWwwaURaUFZUYXVhTUJMc2pHcnMtZ1dSY0tmTWwxTjhvZjJSaGp2UdIBuwFBVV95cUxQSnJaQ2lCUElJdnZKWS1USDNSRUZBYmlSZTh6bWlUOWNVQVluSFFJZk5QdVU3aG1oZnk1cTBKbHpKNkFlTmxSSThfRTdJZEtWaTlWTHE1MHI5R0oxSnljT0tmQU5Hb1JlU0twblpldnlGdVozaHRNZEVQeG5SMXNsY1VSQmxPc2Z1TEE3Ni1LZUpNYkNJTnpHV1hLamRQNVY4VEM3Tkh5QmVvN1dPdmh2clVHN2V5UHNYdDlJ?oc=5\" target=\"_blank\" rel=\"noopener\">Pressestimme: &#8218;Frankfurter Allgemeine Zeitung&#8216; zu Eskalation durch Russland &#8211; boerse.de<\/a>&nbsp;&nbsp;boerse.de<\/li>\n<li><a href=\"https:\/\/news.google.com\/rss\/articles\/CBMigwJBVV95cUxQWVhXajliYWhRc3NPcVlNMmMwc09IX3NuUGZ1U3J2V2p0VTh2V0pJa21Ta2xVUDNGQmVRM3pmMkZjdXF1ZXFOZHV3TEdhVUNQYWUwNHUxTTd1TlhUcXhBQkViS0dnYnphSHBndnR4alBoMWtkcWZ1Qm16MXRwLUw2TnRCdG5PUm9YVnNmSVUzTWhIZ3M1cjhkSzZ5VnJEUXpLR2ZFLW5meGkwY1pxVUE0c2djbFZVV2pvSEVJdEFzU1kya3NfOWtzQVkyMG80RnpncnZyX2E3OGZBOWJaYWZvdl9VeVIyeElVdjNVdktTNHhQSXBSbjh3NlpxX0ZVNmxKeGhZ?oc=5\" target=\"_blank\" rel=\"noopener\">Flugk\u00f6rper vom Typ Geran: Russische Drohne flog 50 Minuten durch rum\u00e4nischen Luftraum<\/a>&nbsp;&nbsp;Tagesspiegel<\/li>\n<\/ol>\n","protected":false},"excerpt":{"rendered":"Kriegsangst! Mehrheit f\u00fcrchtet Putins Angriff auf unser Land&nbsp;&nbsp;BILD Sind die Europ\u00e4er dem gewachsen?: Mehrheit der Deutschen bef\u00fcrchtet Ausweitung&hellip;\n","protected":false},"author":2,"featured_media":427375,"comment_status":"","ping_status":"","sticky":false,"template":"","format":"standard","meta":{"footnotes":""},"categories":[4013],"tags":[331,332,685,13,89989,111913,4046,14,1159,15,3082,4043,4044,850,307,12,45,4649,111912],"class_list":{"0":"post-427374","1":"post","2":"type-post","3":"status-publish","4":"format-standard","5":"has-post-thumbnail","7":"category-russland","8":"tag-aktuelle-nachrichten","9":"tag-aktuelle-news","10":"tag-bundeswehr","11":"tag-headlines","12":"tag-insa","13":"tag-insa-umfrage","14":"tag-krieg","15":"tag-nachrichten","16":"tag-nato","17":"tag-news","18":"tag-putin-wladimir","19":"tag-russia","20":"tag-russian-federation","21":"tag-russische-foederation","22":"tag-russland","23":"tag-schlagzeilen","24":"tag-texttospeech","25":"tag-umfrage","26":"tag-verteidigungsbuendnisse"},"share_on_mastodon":{"url":"https:\/\/pubeurope.com\/@de\/115214348720817242","error":""},"_links":{"self":[{"href":"https:\/\/www.europesays.com\/de\/wp-json\/wp\/v2\/posts\/427374","targetHints":{"allow":["GET"]}}],"collection":[{"href":"https:\/\/www.europesays.com\/de\/wp-json\/wp\/v2\/posts"}],"about":[{"href":"https:\/\/www.europesays.com\/de\/wp-json\/wp\/v2\/types\/post"}],"author":[{"embeddable":true,"href":"https:\/\/www.europesays.com\/de\/wp-json\/wp\/v2\/users\/2"}],"replies":[{"embeddable":true,"href":"https:\/\/www.europesays.com\/de\/wp-json\/wp\/v2\/comments?post=427374"}],"version-history":[{"count":0,"href":"https:\/\/www.europesays.com\/de\/wp-json\/wp\/v2\/posts\/427374\/revisions"}],"wp:featuredmedia":[{"embeddable":true,"href":"https:\/\/www.europesays.com\/de\/wp-json\/wp\/v2\/media\/427375"}],"wp:attachment":[{"href":"https:\/\/www.europesays.com\/de\/wp-json\/wp\/v2\/media?parent=427374"}],"wp:term":[{"taxonomy":"category","embeddable":true,"href":"https:\/\/www.europesays.com\/de\/wp-json\/wp\/v2\/categories?post=427374"},{"taxonomy":"post_tag","embeddable":true,"href":"https:\/\/www.europesays.com\/de\/wp-json\/wp\/v2\/tags?post=427374"}],"curies":[{"name":"wp","href":"https:\/\/api.w.org\/{rel}","templated":true}]}}