{"id":427421,"date":"2025-09-16T14:27:11","date_gmt":"2025-09-16T14:27:11","guid":{"rendered":"https:\/\/www.europesays.com\/de\/427421\/"},"modified":"2025-09-16T14:27:11","modified_gmt":"2025-09-16T14:27:11","slug":"dortmund-bestaetigt-messertrageverbot-zur-kriminalitaetsbekaempfung-regional","status":"publish","type":"post","link":"https:\/\/www.europesays.com\/de\/427421\/","title":{"rendered":"Dortmund best\u00e4tigt Messertrageverbot zur Kriminalit\u00e4tsbek\u00e4mpfung | Regional"},"content":{"rendered":"<p>Dortmund \u2013 <b>Ein 22-j\u00e4hriger Dortmunder darf f\u00fcr drei Jahre keine Messer mehr in der \u00d6ffentlichkeit tragen.<\/b><\/p>\n<p>Das Verwaltungsgericht Gelsenkirchen best\u00e4tigte das Verbot im Eilverfahren. Die Polizei Dortmund hatte dem Mann im Mai 2025 das Mitf\u00fchren von Messern, gef\u00e4hrlichen Werkzeugen, gef\u00e4hrlichen Sportger\u00e4ten und Tierabwehrsprays untersagt.<\/p>\n<p>Auch interessant<\/p>\n<p>Anzeige<\/p>\n<p>Auch interessant<\/p>\n<p>Anzeige<\/p>\n<p>Verst\u00f6\u00dfe gegen das Verbot kosten zun\u00e4chst 250 Euro. Wiederholungst\u00e4ter m\u00fcssen mit 500 Euro rechnen, im Extremfall droht Erzwingungshaft. Im August 2025 galten in Dortmund 198 solcher Verbote. Seit der Einf\u00fchrung wurden 47 Verst\u00f6\u00dfe registriert.<\/p>\n<p>Bei Kontrollen traf die Polizei 173 Personen an, die sich an das Verbot hielten. Im ersten Halbjahr 2025 ging die Zahl der Messerstraftaten zur\u00fcck. Die Polizei Dortmund sieht ihr Konzept durch das Urteil vom 15.09.2025 best\u00e4tigt.<\/p>\n<p>Dieser Text basiert auf einer offiziellen Beh\u00f6rden-Information und wurde mit Hilfe von KI erstellt.<\/p>\n","protected":false},"excerpt":{"rendered":"Dortmund \u2013 Ein 22-j\u00e4hriger Dortmunder darf f\u00fcr drei Jahre keine Messer mehr in der \u00d6ffentlichkeit tragen. Das Verwaltungsgericht&hellip;\n","protected":false},"author":2,"featured_media":391474,"comment_status":"","ping_status":"","sticky":false,"template":"","format":"standard","meta":{"footnotes":""},"categories":[1833],"tags":[3364,29,217,30,1000,2509,1209,121,45,1995],"class_list":{"0":"post-427421","1":"post","2":"type-post","3":"status-publish","4":"format-standard","5":"has-post-thumbnail","7":"category-dortmund","8":"tag-de","9":"tag-deutschland","10":"tag-dortmund","11":"tag-germany","12":"tag-gewalt","13":"tag-ki-ots","14":"tag-nordrhein-westfalen","15":"tag-polizei","16":"tag-texttospeech","17":"tag-verbrechen"},"share_on_mastodon":{"url":"https:\/\/pubeurope.com\/@de\/115214446916841742","error":""},"_links":{"self":[{"href":"https:\/\/www.europesays.com\/de\/wp-json\/wp\/v2\/posts\/427421","targetHints":{"allow":["GET"]}}],"collection":[{"href":"https:\/\/www.europesays.com\/de\/wp-json\/wp\/v2\/posts"}],"about":[{"href":"https:\/\/www.europesays.com\/de\/wp-json\/wp\/v2\/types\/post"}],"author":[{"embeddable":true,"href":"https:\/\/www.europesays.com\/de\/wp-json\/wp\/v2\/users\/2"}],"replies":[{"embeddable":true,"href":"https:\/\/www.europesays.com\/de\/wp-json\/wp\/v2\/comments?post=427421"}],"version-history":[{"count":0,"href":"https:\/\/www.europesays.com\/de\/wp-json\/wp\/v2\/posts\/427421\/revisions"}],"wp:featuredmedia":[{"embeddable":true,"href":"https:\/\/www.europesays.com\/de\/wp-json\/wp\/v2\/media\/391474"}],"wp:attachment":[{"href":"https:\/\/www.europesays.com\/de\/wp-json\/wp\/v2\/media?parent=427421"}],"wp:term":[{"taxonomy":"category","embeddable":true,"href":"https:\/\/www.europesays.com\/de\/wp-json\/wp\/v2\/categories?post=427421"},{"taxonomy":"post_tag","embeddable":true,"href":"https:\/\/www.europesays.com\/de\/wp-json\/wp\/v2\/tags?post=427421"}],"curies":[{"name":"wp","href":"https:\/\/api.w.org\/{rel}","templated":true}]}}