{"id":427483,"date":"2025-09-16T15:01:17","date_gmt":"2025-09-16T15:01:17","guid":{"rendered":"https:\/\/www.europesays.com\/de\/427483\/"},"modified":"2025-09-16T15:01:17","modified_gmt":"2025-09-16T15:01:17","slug":"kritik-an-klima-und-handelspolitik-misstrauensantraege-gegen-eu-kommission","status":"publish","type":"post","link":"https:\/\/www.europesays.com\/de\/427483\/","title":{"rendered":"Kritik an Klima- und Handelspolitik: Misstrauensantr\u00e4ge gegen EU-Kommission"},"content":{"rendered":"<p class=\"metatextline\">Stand: 16.09.2025 14:57 Uhr<\/p>\n<p class=\"textabsatz columns twelve  m-ten  m-offset-one l-eight l-offset-two\">\n        <strong>Nur gut zwei Monate nach einem \u00fcberstandenen Votum sieht sich die EU-Kommission unter Ursula von der Leyen wieder mit Misstrauensantr\u00e4gen konfrontiert. Diesmal richtet sich die Kritik auch gegen das Zollabkommen mit Trump.<\/strong>\n    <\/p>\n<p class=\"textabsatz m-ten m-offset-one l-eight l-offset-two columns twelve\">Die EU-Kommission von Ursula von der Leyen muss sich Anfang Oktober im Europ\u00e4ischen Parlament erneut der Abstimmung \u00fcber Misstrauensantr\u00e4ge stellen. Nach Informationen der Deutschen Presse-Agentur unterrichtete Parlamentspr\u00e4sidentin Roberta Metsola die Abgeordneten dar\u00fcber. Die Kritik in den von der rechten PfE-Fraktion und der Linkenfraktion eingebrachten Antr\u00e4gen richtet sich vor allem gegen von der Leyen, Misstrauensantr\u00e4ge k\u00f6nnen aber nur gegen die gesamte EU-Kommission gestellt werden.<\/p>\n<p class=\"textabsatz m-ten m-offset-one l-eight l-offset-two columns twelve\">Im Juli hatte das Gremium ein erstes Misstrauensvotum \u00fcberstanden. Zuvor war gepr\u00fcft worden, ob die Misstrauensantr\u00e4ge wie in den Regeln vorgesehen von mindestens einem Zehntel der 720 Abgeordneten unterst\u00fctzt werden.<\/p>\n<p>    Kritik an Klimapolitik und Handelsabkommen<\/p>\n<p class=\"textabsatz m-ten m-offset-one l-eight l-offset-two columns twelve\">Im PfE-Antrag wird unter anderem von der Leyens Klima- sowie Migrationspolitik kritisiert. Zudem werfen ihr die Abgeordneten Intransparenz und Zensur vor. Linken-Fraktionschef Martin Schirdewan hatte unter anderem kritisiert: &#8222;Die Kommission hat ein verheerendes Zollabkommen mit Trump geschlossen.&#8220; Der Pakt sei ein Angriff auf Europas Industrie und werde Tausende Arbeitspl\u00e4tze vernichten. Au\u00dferdem habe die Kommission angesichts der humanit\u00e4ren Katastrophe im Gazastreifen zu lange geschwiegen.<\/p>\n<p>    Scheitern vorprogrammiert?<\/p>\n<p class=\"textabsatz m-ten m-offset-one l-eight l-offset-two columns twelve\">Die Unterst\u00fctzung der Antr\u00e4ge durch jeweils mindestens ein Zehntel der Abgeordneten bedeutet, dass dar\u00fcber w\u00e4hrend der Tagung des Parlaments Anfang Oktober debattiert und abgestimmt wird. Sollte einer der Misstrauensantr\u00e4ge angenommen werden, m\u00fcsste die EU-Kommission geschlossen zur\u00fccktreten.<\/p>\n<p class=\"textabsatz m-ten m-offset-one l-eight l-offset-two columns twelve\">Ein solches Szenario gilt allerdings als unwahrscheinlich, da es daf\u00fcr die Mehrheit von zwei Dritteln der abgegebenen Stimmen und gleichzeitig die Mehrheit der Mitglieder des Parlaments br\u00e4uchte. Das w\u00e4ren mindestens 361, und wenn alle Abgeordneten anwesend sind und ihre Stimmen abgeben, sogar 480 Stimmen. Bei der Wahl im vergangenen November hatte die Kommission von Ursula von der Leyen 370 von 688 abgegebenen Stimmen bekommen.<\/p>\n<p>    Vorw\u00fcrfe zur Corona-Politik<\/p>\n<p class=\"textabsatz m-ten m-offset-one l-eight l-offset-two columns twelve\">Das Misstrauensvotum im Juli wurde unter anderem mit den Vorw\u00fcrfen begr\u00fcndet, dass Informationen zu in der Corona-Krise ausgetauschten Textnachrichten zwischen von der Leyen und dem Chef des US-Pharma-Konzerns Pfizer zur\u00fcckgehalten worden seien.<\/p>\n<p>    Misstrauensantr\u00e4ge eigentlich selten<\/p>\n<p class=\"textabsatz m-ten m-offset-one l-eight l-offset-two columns twelve\">Misstrauensantr\u00e4ge gegen die Kommission sind eigentlich selten. Vor dem Antrag im Juli waren Rechtspopulisten im Jahr 2014 mit einem Misstrauensantrag gegen die damalige EU-Kommission um Jean-Claude Juncker gescheitert.<\/p>\n<p class=\"textabsatz m-ten m-offset-one l-eight l-offset-two columns twelve\">Bei der Abstimmung damals votierten lediglich 101 Abgeordnete f\u00fcr den Vorsto\u00df aus dem EU-kritischen Lager. 461 lehnten ihn ab, 88 enthielten sich. Zum R\u00fccktritt einer EU-Kommission f\u00fchrte lediglich ein drohender erfolgreicher Misstrauensantrag im Jahr 1999. Damals stellte eine von Jacques Santer gef\u00fchrte Kommission ihre Posten vorsorglich zur Verf\u00fcgung, nachdem ein Bericht \u00fcber Betrug, Missmanagement und Vetternwirtschaft vorgelegt worden war.<\/p>\n","protected":false},"excerpt":{"rendered":"Stand: 16.09.2025 14:57 Uhr Nur gut zwei Monate nach einem \u00fcberstandenen Votum sieht sich die EU-Kommission unter Ursula&hellip;\n","protected":false},"author":2,"featured_media":427484,"comment_status":"","ping_status":"","sticky":false,"template":"","format":"standard","meta":{"footnotes":""},"categories":[5],"tags":[942,13,76836,14,15,12,10,8,9,11,5626],"class_list":{"0":"post-427483","1":"post","2":"type-post","3":"status-publish","4":"format-standard","5":"has-post-thumbnail","7":"category-nachrichten","8":"tag-eu-kommission","9":"tag-headlines","10":"tag-misstrauensantrag","11":"tag-nachrichten","12":"tag-news","13":"tag-schlagzeilen","14":"tag-top-news","15":"tag-top-meldungen","16":"tag-topmeldungen","17":"tag-topnews","18":"tag-von-der-leyen"},"share_on_mastodon":{"url":"https:\/\/pubeurope.com\/@de\/115214580774941378","error":""},"_links":{"self":[{"href":"https:\/\/www.europesays.com\/de\/wp-json\/wp\/v2\/posts\/427483","targetHints":{"allow":["GET"]}}],"collection":[{"href":"https:\/\/www.europesays.com\/de\/wp-json\/wp\/v2\/posts"}],"about":[{"href":"https:\/\/www.europesays.com\/de\/wp-json\/wp\/v2\/types\/post"}],"author":[{"embeddable":true,"href":"https:\/\/www.europesays.com\/de\/wp-json\/wp\/v2\/users\/2"}],"replies":[{"embeddable":true,"href":"https:\/\/www.europesays.com\/de\/wp-json\/wp\/v2\/comments?post=427483"}],"version-history":[{"count":0,"href":"https:\/\/www.europesays.com\/de\/wp-json\/wp\/v2\/posts\/427483\/revisions"}],"wp:featuredmedia":[{"embeddable":true,"href":"https:\/\/www.europesays.com\/de\/wp-json\/wp\/v2\/media\/427484"}],"wp:attachment":[{"href":"https:\/\/www.europesays.com\/de\/wp-json\/wp\/v2\/media?parent=427483"}],"wp:term":[{"taxonomy":"category","embeddable":true,"href":"https:\/\/www.europesays.com\/de\/wp-json\/wp\/v2\/categories?post=427483"},{"taxonomy":"post_tag","embeddable":true,"href":"https:\/\/www.europesays.com\/de\/wp-json\/wp\/v2\/tags?post=427483"}],"curies":[{"name":"wp","href":"https:\/\/api.w.org\/{rel}","templated":true}]}}