{"id":427519,"date":"2025-09-16T15:21:15","date_gmt":"2025-09-16T15:21:15","guid":{"rendered":"https:\/\/www.europesays.com\/de\/427519\/"},"modified":"2025-09-16T15:21:15","modified_gmt":"2025-09-16T15:21:15","slug":"stichwahl-ums-oberbuergermeisteramt-was-bochumer-wissen-muessen","status":"publish","type":"post","link":"https:\/\/www.europesays.com\/de\/427519\/","title":{"rendered":"Stichwahl ums Oberb\u00fcrgermeisteramt: Was Bochumer wissen m\u00fcssen"},"content":{"rendered":"<p class=\"expressive-copy-lg-body\">Nach der Wahl ist vor der Stichwahl: Weil bei der Oberb\u00fcrgermeisterwahl in <a href=\"https:\/\/www.waz.de\/lokales\/bochum\/\" target=\"_blank\" rel=\"noopener\">Bochum<\/a> am 14. September kein Bewerber mehr als 50 Prozent der Stimmen erzielt hat, geht sie in eine zweite Runde. J\u00f6rg Lukat, gemeinsamer Kandidat von SPD und Gr\u00fcnen, tritt gegen CDU-Mann Andreas Bracke an. Rund 280.000 Bochumerinnen und Bochumer sind also ein weiteres Mal aufgerufen, ihre Stimme abzugeben. Hier die wichtigsten Fragen und Antworten zum Prozedere.<\/p>\n<p>Wann ist die Stichwahl in Bochum?<\/p>\n<p class=\"expressive-copy-lg-body\">Die Stichwahl findet am <strong>Sonntag, 28. Septembe<\/strong>r, statt. Dieser Termin gilt \u00fcbrigens f\u00fcr alle Kommunen in NRW, in denen der erste Wahlgang noch nicht die Entscheidung gebracht hat.<\/p>\n<p>    Auch interessant<\/p>\n<p>    <img decoding=\"async\" src=\"https:\/\/www.europesays.com\/de\/wp-content\/uploads\/2025\/09\/410001672_1757925312_v16_9_1200.jpeg\" class=\"block w-full object-cover relative z-10 aspect-[1\/1] \" alt=\"Stichwahl Bochum\" title=\"Treten am 28. September in der Stichwahl f\u00fcrs Oberb\u00fcrgermeisteramt in Bochum an (von links): J\u00f6rg Lukat (SPD\/Gr\u00fcne) und Andreas Bracke (CDU).\" loading=\"lazy\"\/><\/p>\n<p>  Bekomme ich eine neue Wahlbenachrichtigung?<\/p>\n<p class=\"expressive-copy-lg-body\">Nein. \u201eEine neue Wahlbenachrichtigung wird nicht verschickt\u201c, stellt das Landesinnenministerium klar. Wahlberechtigt sind dieselben Menschen wie beim ersten Durchgang am 14. September. Wer etwa in der Zwischenzeit Geburtstag hat und 16 Jahre alt wird \u2013 und somit eigentlich wahlberechtigt w\u00e4re \u2013, muss sich trotzdem bis zur n\u00e4chsten Wahl gedulden. Bochums Kreiswahlleiter Sebastian Kopietz hat angek\u00fcndigt, dass die Stadt in den n\u00e4chsten Tagen Postkarten an alle Wahlberechtigten verschickt, auf denen die wichtigsten Infos zur Stichwahl zusammengefasst sind.<\/p>\n<p>  Wohin muss ich f\u00fcr die Stichwahl?<\/p>\n<p class=\"expressive-copy-lg-body\">In denselben Wahlraum wie bei der ersten Wahl. Stimmbezirk und Wahllokal sind auf der Wahlbenachrichtigung verzeichnet.<\/p>\n<p>Ich hab meine Wahlbenachrichtigung nicht mehr \u2013 was nun?<\/p>\n<p class=\"expressive-copy-lg-body\">Um im Wahllokal die Stimme abzugeben, braucht man die Wahlbenachrichtigung nicht zwingend. Man kann sich dort auch mit seinem Personalausweis oder Reisepass ausweisen. Bei Fragen vorab hilft das Wahlb\u00fcro: <a href=\"https:\/\/www.waz.de\/lokales\/bochum\/article410002257\/tel:+492349105099\" target=\"_blank\" rel=\"noopener\">0234\/910-5099<\/a> (Mo-Do 8-16 Uhr, Fr 8 bis 12 Uhr) oder <a href=\"https:\/\/www.waz.de\/lokales\/bochum\/article410002257\/mailto:wahlbuero@bochum.de\" target=\"_blank\" rel=\"noopener\">wahlbuero@bochum.de<\/a>.<\/p>\n<p>    Mehr zur Kommunalwahl in Bochum<\/p>\n<p>  Ich habe am 28. September keine Zeit \u2013 kann ich Briefwahl machen?<\/p>\n<p class=\"expressive-copy-lg-body\">Ja, Briefwahl ist auch bei der Stichwahl m\u00f6glich. Wer schon f\u00fcr den ersten Wahlgang Briefwahl beantragt hatte, sollte laut Stadt automatisch Briefwahlunterlagen f\u00fcr die Stichwahl bekommen. Man kann aber die Briefwahl auch neu nur f\u00fcr die Stichwahl beantragen: Das geht im Briefwahlzentrum im Bildungs- und Verwaltungszentrum (BVZ, im Erdgeschoss neben der Stadtb\u00fccherei), per E-Mail an <a href=\"https:\/\/www.waz.de\/lokales\/bochum\/article410002257\/mailto:wahlbuero@bochum.de\" target=\"_blank\" rel=\"noopener\">wahlbuero@bochum.de<\/a> oder online unter <a href=\"https:\/\/www.bochum.de\/wahlschein#\/\" target=\"_blank\" rel=\"noopener\">bochum.de\/wahlschein<\/a>.<\/p>\n<p>   Bochum-Newsletter: Jetzt kostenlos anmelden!<\/p>\n<p class=\"text-body2 mt-2\">Nachrichten, Service, Reportagen: Jeden Tag wissen, was in unserer Stadt los ist.<\/p>\n<p class=\"text-caption text-copy-secondary\">\n          Mit meiner Anmeldung zum Newsletter stimme ich der<br \/>\n          <a href=\"https:\/\/www.waz.de\/services\/newsletter-adconsent\" class=\"text-overline text-copy-accent-negative dark:underline\" target=\"_blank\" rel=\"noopener\">Werbevereinbarung<\/a><br \/>\n          zu.\n        <\/p>\n<p class=\"expressive-copy-lg-body\">Briefwahl-Antr\u00e4ge k\u00f6nnen \u00fcber das Online-Formular bis Sonntag, 21. September, 20 Uhr, gestellt werden. Empfehlenswert ist aber, nicht bis zum letzten Dr\u00fccker zu warten. Das NRW-Innenministerium r\u00e4t, wegen der kurzen Zeitspanne zwischen Wahl und Stichwahl \u201everst\u00e4rkt auf Postlaufzeiten\u201c zu achten. Alternativ kann man die Unterlagen in den Hausbriefkasten des Historischen Rathauses werfen \u2013 sp\u00e4testens am Sonntag, 28. September, um 15 Uhr.<\/p>\n<p>  Diese Texte haben viele Menschen interessiertDer Postversand ist mir zu unsicher \u2013 ist auch wieder \u201eBriefwahl vor Ort\u201c m\u00f6glich?<\/p>\n<p class=\"expressive-copy-lg-body\">Ja, die Stadt \u00f6ffnet auch die Briefwahlb\u00fcros im BVZ und in den Bezirksverwaltungsstellen wieder. Das sind die Anlaufstellen und \u00d6ffnungszeiten:<\/p>\n<ul>\n<li>Nord: Heinrichstra\u00dfe 42 im Amtshaus Gerthe (Mo. und Di. 8 bis 14 Uhr, Mi. und Fr. 8 bis 12 Uhr, Do. 13 bis 19 Uhr)<\/li>\n<li>Ost: Carl-von-Ossietzky-Platz 2 im Amtshaus Bochum-Langendreer (Mo. und Di. 8 bis 14 Uhr, Mi. und Fr. 8 bis 12 Uhr, Do. 13 bis 19 Uhr)<\/li>\n<li>S\u00fcd: Querenburger H\u00f6he 256 in der Stadtb\u00fccherei Bochum-Querenburg (Mo., Di., Do., Fr. 11 bis 18 Uhr)<\/li>\n<li>S\u00fcdwest: Hattinger Stra\u00dfe 387 im B\u00fcrgerb\u00fcro Bochum-Weitmar (Mo. und Di. 8 bis 14 Uhr, Mi. und Fr. 8 bis 12 Uhr, Do. 13 bis 19 Uhr)<\/li>\n<li>Wattenscheid: Friedrich-Ebert-Stra\u00dfe 7 im Neuen Rathaus Wattenscheid (Mo. und Di. 8 bis 14 Uhr, Mi. und Fr. 8 bis 12 Uhr, Do. 13 bis 19 Uhr)<\/li>\n<\/ul>\n","protected":false},"excerpt":{"rendered":"Nach der Wahl ist vor der Stichwahl: Weil bei der Oberb\u00fcrgermeisterwahl in Bochum am 14. September kein Bewerber&hellip;\n","protected":false},"author":2,"featured_media":427520,"comment_status":"","ping_status":"","sticky":false,"template":"","format":"standard","meta":{"footnotes":""},"categories":[1839],"tags":[7507,3364,29,30,1209],"class_list":{"0":"post-427519","1":"post","2":"type-post","3":"status-publish","4":"format-standard","5":"has-post-thumbnail","7":"category-bochum","8":"tag-bochum","9":"tag-de","10":"tag-deutschland","11":"tag-germany","12":"tag-nordrhein-westfalen"},"share_on_mastodon":{"url":"https:\/\/pubeurope.com\/@de\/115214659402928907","error":""},"_links":{"self":[{"href":"https:\/\/www.europesays.com\/de\/wp-json\/wp\/v2\/posts\/427519","targetHints":{"allow":["GET"]}}],"collection":[{"href":"https:\/\/www.europesays.com\/de\/wp-json\/wp\/v2\/posts"}],"about":[{"href":"https:\/\/www.europesays.com\/de\/wp-json\/wp\/v2\/types\/post"}],"author":[{"embeddable":true,"href":"https:\/\/www.europesays.com\/de\/wp-json\/wp\/v2\/users\/2"}],"replies":[{"embeddable":true,"href":"https:\/\/www.europesays.com\/de\/wp-json\/wp\/v2\/comments?post=427519"}],"version-history":[{"count":0,"href":"https:\/\/www.europesays.com\/de\/wp-json\/wp\/v2\/posts\/427519\/revisions"}],"wp:featuredmedia":[{"embeddable":true,"href":"https:\/\/www.europesays.com\/de\/wp-json\/wp\/v2\/media\/427520"}],"wp:attachment":[{"href":"https:\/\/www.europesays.com\/de\/wp-json\/wp\/v2\/media?parent=427519"}],"wp:term":[{"taxonomy":"category","embeddable":true,"href":"https:\/\/www.europesays.com\/de\/wp-json\/wp\/v2\/categories?post=427519"},{"taxonomy":"post_tag","embeddable":true,"href":"https:\/\/www.europesays.com\/de\/wp-json\/wp\/v2\/tags?post=427519"}],"curies":[{"name":"wp","href":"https:\/\/api.w.org\/{rel}","templated":true}]}}