{"id":427566,"date":"2025-09-16T15:49:10","date_gmt":"2025-09-16T15:49:10","guid":{"rendered":"https:\/\/www.europesays.com\/de\/427566\/"},"modified":"2025-09-16T15:49:10","modified_gmt":"2025-09-16T15:49:10","slug":"schon-mehr-als-15-000-euro-eingegangen-%c2%b7-leipziger-zeitung","status":"publish","type":"post","link":"https:\/\/www.europesays.com\/de\/427566\/","title":{"rendered":"Schon mehr als 15.000 Euro eingegangen \u00b7 Leipziger Zeitung"},"content":{"rendered":"<p>Einen Monat nach seinem Start stehen bereits mehr als 15.000 Euro im neuen Gemeinwohltopf zu Buche. Mit dem Geld sollen gemeinwohl-orientierte Projekte gef\u00f6rdert werden, die das Leben in Leipzig verbessern. \u00dcber die Verteilung entscheidet das Gemeinwohlparlament, in dem Leipzigerinnen und Leipziger ab 14 Jahren Mitglied werden k\u00f6nnen. Eingeladen sind auch all jene \u00fcber die Stadtgrenzen hinaus, die sich f\u00fcr die Entwicklung in Leipzig engagieren m\u00f6chten.\u00a0<\/p>\n<p>Das Gemeinwohlparlament verbindet Crowdfunding mit direkter Demokratie: Wer einen j\u00e4hrlichen Gemeinwohlbeitrag von mindestens 60 Euro leistet, erh\u00e4lt eine Stimme \u2013 unabh\u00e4ngig von der Beitragsh\u00f6he gilt das Prinzip \u201eeine Person, eine Stimme\u201c. <\/p>\n<p>Unter dem Jahresthema 2025 \u201eJung. Alt. Gemeinsam. So geht Leipzig.\u201c werden Projekte gesucht, die Begegnungen zwischen verschiedenen Generationen f\u00f6rdern, eine generationenfreundliche Infrastruktur schaffen oder gemeinsames Lernen und Verstehen erm\u00f6glichen. Bis 15 Oktober k\u00f6nnen sie auf der Plattform https:\/\/gemeinwohlparlament-leipzig.de\/ eingereicht werden. Jedes im parlamentarischen Prozess ausgew\u00e4hlte Projekt erh\u00e4lt mindestens 1.000 Euro.<\/p>\n<p>Das Parlament ist eine Initiative des Runden Tisches Gemeinwohl Leipzig, in dem sich seit 2022 \u00fcber 50 Institutionen aus Wirtschaft, Verwaltung, Wissenschaft und Zivilgesellschaft engagieren. Der Runde Tisch Gemeinwohl Leipzig wurde 2022 gegr\u00fcndet und vereint \u00fcber 50 Institutionen aus verschiedenen Bereichen der Stadtgesellschaft. Ziel ist es, das Gemeinwohl in Leipzig zu st\u00e4rken und sichtbar zu machen. Mehr Informationen: <a href=\"https:\/\/www.forumgemeinwohl.org\/runder-tisch-leipzig\" target=\"_blank\" rel=\"noreferrer noopener\">www.forumgemeinwohl.org\/runder-tisch-leipzig<\/a>.<\/p>\n","protected":false},"excerpt":{"rendered":"Einen Monat nach seinem Start stehen bereits mehr als 15.000 Euro im neuen Gemeinwohltopf zu Buche. Mit dem&hellip;\n","protected":false},"author":2,"featured_media":427567,"comment_status":"","ping_status":"","sticky":false,"template":"","format":"standard","meta":{"footnotes":""},"categories":[1832],"tags":[3364,29,39728,30,71,859],"class_list":{"0":"post-427566","1":"post","2":"type-post","3":"status-publish","4":"format-standard","5":"has-post-thumbnail","7":"category-leipzig","8":"tag-de","9":"tag-deutschland","10":"tag-gemeinwohl","11":"tag-germany","12":"tag-leipzig","13":"tag-sachsen"},"share_on_mastodon":{"url":"https:\/\/pubeurope.com\/@de\/115214769602445317","error":""},"_links":{"self":[{"href":"https:\/\/www.europesays.com\/de\/wp-json\/wp\/v2\/posts\/427566","targetHints":{"allow":["GET"]}}],"collection":[{"href":"https:\/\/www.europesays.com\/de\/wp-json\/wp\/v2\/posts"}],"about":[{"href":"https:\/\/www.europesays.com\/de\/wp-json\/wp\/v2\/types\/post"}],"author":[{"embeddable":true,"href":"https:\/\/www.europesays.com\/de\/wp-json\/wp\/v2\/users\/2"}],"replies":[{"embeddable":true,"href":"https:\/\/www.europesays.com\/de\/wp-json\/wp\/v2\/comments?post=427566"}],"version-history":[{"count":0,"href":"https:\/\/www.europesays.com\/de\/wp-json\/wp\/v2\/posts\/427566\/revisions"}],"wp:featuredmedia":[{"embeddable":true,"href":"https:\/\/www.europesays.com\/de\/wp-json\/wp\/v2\/media\/427567"}],"wp:attachment":[{"href":"https:\/\/www.europesays.com\/de\/wp-json\/wp\/v2\/media?parent=427566"}],"wp:term":[{"taxonomy":"category","embeddable":true,"href":"https:\/\/www.europesays.com\/de\/wp-json\/wp\/v2\/categories?post=427566"},{"taxonomy":"post_tag","embeddable":true,"href":"https:\/\/www.europesays.com\/de\/wp-json\/wp\/v2\/tags?post=427566"}],"curies":[{"name":"wp","href":"https:\/\/api.w.org\/{rel}","templated":true}]}}