{"id":428606,"date":"2025-09-17T02:10:19","date_gmt":"2025-09-17T02:10:19","guid":{"rendered":"https:\/\/www.europesays.com\/de\/428606\/"},"modified":"2025-09-17T02:10:19","modified_gmt":"2025-09-17T02:10:19","slug":"borussia-dortmund-bei-juventus-turin-die-bvb-noten-zum-champions-league-auftakt","status":"publish","type":"post","link":"https:\/\/www.europesays.com\/de\/428606\/","title":{"rendered":"Borussia Dortmund bei Juventus Turin: Die BVB-Noten zum Champions-League-Auftakt"},"content":{"rendered":"<p class=\"css-1q8kfuz\">Wahnsinn in Turin! Borussia Dortmund wirft einen eigentlich sicheren Sieg bei Juventus noch weg und muss sich mit einem Remis begn\u00fcgen. Die Noten und Einzelkritiken zum BVB-Auftritt in Turin.<\/p>\n<p class=\"css-1cmglxz\">Von <a href=\"https:\/\/www.ran.de\/sports\/mehr\/news\/chris-lugert-autor-311432\" rel=\"nofollow noopener\" target=\"_blank\">Chris Lugert<\/a><\/p>\n<p class=\"css-1cmglxz\">Auweia, BVB! <a href=\"https:\/\/www.ran.de\/sports\/teams-vereine\/bvb-borussia-dortmund\" rel=\"nofollow noopener\" target=\"_blank\">Borussia Dortmund<\/a> hat zum Auftakt der <a href=\"https:\/\/www.ran.de\/sports\/fussball\/champions-league\" rel=\"nofollow noopener\" target=\"_blank\">Champions League<\/a> einen wichtigen Ausw\u00e4rtssieg leichtfertig verspielt. Das Team von Trainer Niko Kovac kam in einem vogelwilden Spiel bei Juventus Turin aufgrund zweier sp\u00e4ter Gegentreffer in der Nachspielzeit nicht \u00fcber ein 4:4 (0:0) hinaus.<\/p>\n<p class=\"css-1cmglxz\">Nach einer ereignisarmen und trostlosen ersten Halbzeit drehten beide Mannschaften im zweiten Durchgang richtig auf und lieferten absolutes Spektakel. Der BVB sah lange wie der sichere Sieger aus, gab den Erfolg in der Schlussphase aber unn\u00f6tig noch her.<\/p>\n<p class=\"css-1cmglxz\"><strong>ran<\/strong> hat die Leistungen der Dortmunder bewertet.<\/p>\n<p>Gregor Kobel<\/p>\n<p class=\"css-1cmglxz\">Mit einer herausragenden Parade gegen Thuram (4.) verhindert der Schlussmann den fr\u00fchen R\u00fcckstand des BVB. Ist danach nur noch selten zum Eingreifen gezwungen. Beim Traumtor von Yildiz (64.) v\u00f6llig chancenlos, ebenso beim 2:2 durch Vlahovic. Zeigt dann gegen Yildiz eine spektakul\u00e4re Reaktion und lenkt seinen Schuss an den Pfosten. Doch gegen die zwei sp\u00e4ten Treffer in der Nachspielzeit kann er nichts machen.\u00a0<strong>ran-Note: 2<\/strong><\/p>\n<p>Julian Ryerson<\/p>\n<p class=\"css-1cmglxz\">Wie immer lange ein zuverl\u00e4ssiger Bei\u00dfer in der Abwehr, bekommt in der zweiten Halbzeit aber deutlich mehr zu tun und prompt deutlich mehr Probleme. L\u00e4sst Yildiz bei dessen Tor zu viel Platz und \u00fcbt keinen Druck aus. Auch bei Vlahovics Tor zieht er im direkten Zweikampf den K\u00fcrzeren. <strong>ran-Note: 4<\/strong><\/p>\n<p>Dieser Inhalt stammt von externen Anbietern wie Facebook, Instagram oder Youtube. Aktiviere bitte Personalisierte Anzeigen und Inhalte sowie Anbieter au\u00dferhalb des CMP Standards, um diese Inhalte anzuzeigen.Privatsph\u00e4re-EinstellungenWaldemar Anton<\/p>\n<p class=\"css-1cmglxz\">Der Abwehrchef hat als Aufbauspieler viele Ballkontakte, ist defensiv zun\u00e4chst aber weitestgehend souver\u00e4n. Holt sich nach Foul gegen Koopmeiners (42.) Gelb ab. Hat seine Aktien am 2:2 von Vlahovic, den er in seinem R\u00fccken entwischen l\u00e4sst. Mit zunehmender Offensivst\u00e4rke von Juve ger\u00e4t der Nationalspieler in immer gr\u00f6\u00dfere Schwierigkeiten. <strong>ran-Note: 4<\/strong><\/p>\n<p>Ramy Bensebaini<\/p>\n<p class=\"css-1cmglxz\">Wie immer der linke Part der Dreierkette in der Abwehr, ist lange ohne echte Herausforderung. Zeigt eine wichtige Kl\u00e4rungsaktion, bevor Yildiz (21.) an den Ball kommen kann. Beim Tor von Vlahovic steht auch er zu weit vom Serben weg im Niemandsland. <a data-li-document-ref=\"590292\" href=\"https:\/\/www.ran.de\/sports\/fussball\/champions-league\/news\/borussia-dortmund-elfmeter-aerger-beim-bvb-guirassy-und-bensebaini-zoffen-sich-um-strafstoss-590292\" rel=\"nofollow noopener\" target=\"_blank\">Setzt sich dann im Streit mit Guirassy um die Ausf\u00fchrung des Elfmeters in der Schlussphase durch<\/a> und versenkt zum 4:2 (86.). Verliert vor dem 3:4 aber den Ball und leitet damit Juves Comeback ein. <strong>ran-Note: 4<\/strong><\/p>\n<p>Yan Couto<\/p>\n<p class=\"css-1cmglxz\">Als direkter Gegenspieler von Yildiz kommt der Brasilianer immer wieder an seine Grenzen. Ist offensiv lange ohne Einfluss und agiert eher ungl\u00fccklich. So auch eigentlich in der 74. Minute, als er den Ball verstolpert. Setzt aber stark gegen Thuram nach, holt die Kugel zur\u00fcck und schlie\u00dft trocken ins kurze Eck ab. <strong>ran-Note: 3<\/strong><\/p>\n<p>Marcel Sabitzer<\/p>\n<p class=\"css-1cmglxz\">Der \u00d6sterreicher r\u00fcckt f\u00fcr den Magen-Darm-erkrankten Gro\u00df in die Startelf. Ist bei Thurams Gro\u00dfchance nach wenigen Minuten zu passiv, danach um Struktur bem\u00fcht, ohne aber offensiv dem Spiel einen Rhythmus geben zu k\u00f6nnen. <strong>ran-Note: 4<\/strong><\/p>\n<p>Felix Nmecha<\/p>\n<p class=\"css-1cmglxz\">Unauff\u00e4llige erste Halbzeit des Mittelfeldspielers, der nach vorne nur wenig Kreativit\u00e4t entfalten kann. Ist dann aber ma\u00dfgeblich an der Entstehung des 1:0 (52.) beteiligt, als er den Ball nach vorne treibt. Auf den Ausgleich von Juve reagiert er postwendend mit dem Treffer zum 2:1. Hat wenig sp\u00e4ter Feierabend und wird durch Bellingham ersetzt. <strong>ran-Note: 2<\/strong><\/p>\n<p>Internationale Transferger\u00fcchte: FC Barcelona optimistisch bei Erling Haaland<img alt=\"&lt;em&gt;&lt;strong&gt;Erling Haaland (Manchester City)&lt;\/strong&gt;&lt;br&gt;Barcelonas Pr\u00e4sident Joan Laporta hat sich als gro\u00dfer Haaland-Fan geoutet. Laut &quot;Daily Mail&quot; und &quot;El Nacional&quot; sei er \u00fcberzeugt, dass der Norweger k\u00fcnftig im Trikot der Katalanen auflaufen wird - wom\u00f6glich schon in der kommenden Saison. Die finanzielle Situation solle bis dahin geregelt sein. Robert Lewandowskis Vertrag l\u00e4uft nur noch ein Jahr - und Ersatzmann Ferran Torres \u00fcberzeugt zwar mit guten Leistungen, ist jedoch kein gelernter Neuner.&lt;\/em&gt;\" loading=\"lazy\" decoding=\"async\" data-nimg=\"fill\" style=\"position:absolute;height:100%;width:100%;left:0;top:0;right:0;bottom:0;object-fit:contain;color:transparent\" src=\"https:\/\/www.europesays.com\/de\/wp-content\/uploads\/2025\/09\/1758075018_257_profile:original\"\/>\u00a9 Offside Sports Photography<\/p>\n<p class=\"css-1cmglxz\"><strong>Erling Haaland (Manchester City)<\/strong><br \/>Barcelonas Pr\u00e4sident Joan Laporta hat sich als gro\u00dfer Haaland-Fan geoutet. Laut &#8222;Daily Mail&#8220; und &#8222;El Nacional&#8220; sei er \u00fcberzeugt, dass der Norweger k\u00fcnftig im Trikot der Katalanen auflaufen wird &#8211; wom\u00f6glich schon in der kommenden Saison. Die finanzielle Situation solle bis dahin geregelt sein. Robert Lewandowskis Vertrag l\u00e4uft nur noch ein Jahr &#8211; und Ersatzmann Ferran Torres \u00fcberzeugt zwar mit guten Leistungen, ist jedoch kein gelernter Neuner.<\/p>\n<p><img alt=\"&lt;strong&gt;Paris Brunner (AS Monaco)&lt;\/strong&gt;&lt;br&gt;Der Vertrag von Robert Lewandowski l\u00e4uft am Ende der Saison aus, und der FC Barcelona muss sich nun nach m\u00f6glichen Nachfolgern umsehen. Als potenzieller Kandidat gilt Medienberichten zufolge der U17-Welt- und -Europameister Paris Brunner. Der 19-J\u00e4hrige ist gerade von seiner Leihe bei der AS Monaco zur\u00fcckgekehrt. Nach anf\u00e4nglichen Schwierigkeiten konnte Brunner gegen Ende der Vorsaison bei seiner Leihstation Cercle Br\u00fcgge immer h\u00e4ufiger \u00fcberzeugen.\" loading=\"lazy\" decoding=\"async\" data-nimg=\"fill\" style=\"position:absolute;height:100%;width:100%;left:0;top:0;right:0;bottom:0;object-fit:contain;color:transparent\" src=\"https:\/\/www.europesays.com\/de\/wp-content\/uploads\/2025\/09\/1758075018_659_profile:original\"\/>\u00a9 2025 Getty Images<\/p>\n<p class=\"css-1cmglxz\"><strong>Paris Brunner (AS Monaco)<\/strong><br \/>Der Vertrag von Robert Lewandowski l\u00e4uft am Ende der Saison aus, und der FC Barcelona muss sich nun nach m\u00f6glichen Nachfolgern umsehen. Als potenzieller Kandidat gilt Medienberichten zufolge der U17-Welt- und -Europameister Paris Brunner. Der 19-J\u00e4hrige ist gerade von seiner Leihe bei der AS Monaco zur\u00fcckgekehrt. Nach anf\u00e4nglichen Schwierigkeiten konnte Brunner gegen Ende der Vorsaison bei seiner Leihstation Cercle Br\u00fcgge immer h\u00e4ufiger \u00fcberzeugen.<\/p>\n<p><img alt=\"&lt;strong&gt;Andre Onana (Manchester United)&lt;\/strong&gt;&lt;br&gt;Ein Wechsel von Andre Onana in die T\u00fcrkei r\u00fcckt n\u00e4her. Wie Fabrizio Romano berichtet, sollen Manchester United und Trabzonspor Einigkeit \u00fcber eine Leihe des Torh\u00fcters erzielt haben. Nun m\u00fcsse sich Trabzonspor nur noch mit dem Kameruner einigen. Onana ist bei Manchester United derzeit nur noch die Nummer zwei hinter dem T\u00fcrken Altay Bayindir. Zuletzt stand er beim peinlichen EFL-Cup-Aus gegen Grimsby Town im United-Tor.\" loading=\"lazy\" decoding=\"async\" data-nimg=\"fill\" style=\"position:absolute;height:100%;width:100%;left:0;top:0;right:0;bottom:0;object-fit:contain;color:transparent\" src=\"https:\/\/www.europesays.com\/de\/wp-content\/uploads\/2025\/09\/1758075019_829_profile:original\"\/>\u00a9 2023 Getty Images<\/p>\n<p class=\"css-1cmglxz\"><strong>Andre Onana (Manchester United)<\/strong><br \/>Ein Wechsel von Andre Onana in die T\u00fcrkei r\u00fcckt n\u00e4her. Wie Fabrizio Romano berichtet, sollen Manchester United und Trabzonspor Einigkeit \u00fcber eine Leihe des Torh\u00fcters erzielt haben. Nun m\u00fcsse sich Trabzonspor nur noch mit dem Kameruner einigen. Onana ist bei Manchester United derzeit nur noch die Nummer zwei hinter dem T\u00fcrken Altay Bayindir. Zuletzt stand er beim peinlichen EFL-Cup-Aus gegen Grimsby Town im United-Tor.<\/p>\n<p><img alt=\"&lt;strong&gt;Vitinha (Paris Saint-Germain)&lt;\/strong&gt;&lt;br&gt;Real Madrid k\u00f6nnte laut &quot;Marca&quot; im Sommer 2026 einen Vorsto\u00df bei PSG-Star Vitinha unternehmen. Demnach habe der Portugiese f\u00fcr diesen Zeitpunkt mit den Franzosen eine Absprache, f\u00fcr 90 Millionen Euro wechseln zu d\u00fcrfen. Bei PSG steht Vitinha, der ma\u00dfgeblich zum Champions-League-Sieg zuletzt beitrug, noch bis 2029 unter Vertrag.\" loading=\"lazy\" decoding=\"async\" data-nimg=\"fill\" style=\"position:absolute;height:100%;width:100%;left:0;top:0;right:0;bottom:0;object-fit:contain;color:transparent\" src=\"https:\/\/www.europesays.com\/de\/wp-content\/uploads\/2025\/09\/profile:original.jpeg\"\/>\u00a9 Getty Images<\/p>\n<p class=\"css-1cmglxz\"><strong>Vitinha (Paris Saint-Germain)<\/strong><br \/>Real Madrid k\u00f6nnte laut &#8222;Marca&#8220; im Sommer 2026 einen Vorsto\u00df bei PSG-Star Vitinha unternehmen. Demnach habe der Portugiese f\u00fcr diesen Zeitpunkt mit den Franzosen eine Absprache, f\u00fcr 90 Millionen Euro wechseln zu d\u00fcrfen. Bei PSG steht Vitinha, der ma\u00dfgeblich zum Champions-League-Sieg zuletzt beitrug, noch bis 2029 unter Vertrag.<\/p>\n<p><img alt=\"&lt;strong&gt;Antonio R\u00fcdiger (Real Madrid)&lt;\/strong&gt;&lt;br&gt;Die spanische Sportzeitung &quot;AS&quot; berichtete bereits w\u00e4hrend des Sommer-Transferfensters von einem m\u00f6glichen Aus von Antonio R\u00fcdiger bei Real Madrid. Sein Vertrag l\u00e4uft im n\u00e4chsten Sommer aus. Wie Neu-Coach Xabi Alonso zu ihm steht, bleibt abzuwarten. Mit Dean Huijsen und Raul Asencio hat der Verein in der Defensive nachgebessert. Eine m\u00f6gliche Vertragsverl\u00e4ngerung soll, wenn \u00fcberhaupt, zum Ende der Saison Thema werden. Es bahnt sich eine H\u00e4ngepartie an.\" loading=\"lazy\" decoding=\"async\" data-nimg=\"fill\" style=\"position:absolute;height:100%;width:100%;left:0;top:0;right:0;bottom:0;object-fit:contain;color:transparent\" src=\"https:\/\/www.europesays.com\/de\/wp-content\/uploads\/2025\/09\/1758075019_55_profile:original\"\/>\u00a9 IMAGO\/Sportsphoto<\/p>\n<p class=\"css-1cmglxz\"><strong>Antonio R\u00fcdiger (Real Madrid)<\/strong><br \/>Die spanische Sportzeitung &#8222;AS&#8220; berichtete bereits w\u00e4hrend des Sommer-Transferfensters von einem m\u00f6glichen Aus von Antonio R\u00fcdiger bei Real Madrid. Sein Vertrag l\u00e4uft im n\u00e4chsten Sommer aus. Wie Neu-Coach Xabi Alonso zu ihm steht, bleibt abzuwarten. Mit Dean Huijsen und Raul Asencio hat der Verein in der Defensive nachgebessert. Eine m\u00f6gliche Vertragsverl\u00e4ngerung soll, wenn \u00fcberhaupt, zum Ende der Saison Thema werden. Es bahnt sich eine H\u00e4ngepartie an.<\/p>\n<p>Daniel Svensson<\/p>\n<p class=\"css-1cmglxz\">Der Schwede kann sich nur selten in Szene setzen und l\u00e4sst Koopmeiners bei dessen Gro\u00dfchance (58.) laufen. Ansonsten nur wenig zu sehen. Bei der Flanke von Vlahovic vor dem 4:4 \u00fcbt er keinen Druck auf den Serben aus. <strong>ran-Note: 4<\/strong><\/p>\n<p>Karim Adeyemi<\/p>\n<p class=\"css-1cmglxz\">In einer offensiv insgesamt schwachen ersten Halbzeit ist er der beste BVB-Spieler. Wenn \u00fcberhaupt etwas geht, dann \u00fcber ihn. L\u00e4sst allerdings Physis vermissen und f\u00e4llt immer wieder zu schnell zu Boden. Nach 36 Minuten gibt er den ersten Dortmunder Torschuss des Spiels ab, der aber weit links vorbeifliegt. Belohnt sich aber f\u00fcr einen couragierten Auftritt mit seinem Tor zum 1:0 (52.). <strong>ran-Note: 2<\/strong><\/p>\n<p>Maximilian Beier<\/p>\n<p class=\"css-1cmglxz\">Sehr flei\u00dfiges Spiel vom Angreifer, der extrem viel arbeitet und Kilometer abspult. Tut sich offensiv aber sehr schwer gegen die Juve-Abwehr und verliert einige B\u00e4lle. Hat dann aber die gro\u00dfe Chance zum Tor, scheitert aber nach gutem Einsatz am Pfosten (51.). Wird 20 Minuten sp\u00e4ter durch Brandt ersetzt. <strong>ran-Note: 3<\/strong><\/p>\n<p>Serhou Guirassy<\/p>\n<p class=\"css-1cmglxz\">Schwieriger Abend f\u00fcr den Mittelst\u00fcrmer, der lange quasi unsichtbar ist und keinerlei Abschlussaktionen bekommt. Legt Adeyemi dann das 1:0 auf, l\u00e4sst kurz darauf aber das 2:0 liegen und scheitert an Di Gregorio. Holt kurz vor Schluss den Elfmeter heraus und will ihn auch selbst treten, muss sich aber Bensebaini beugen. <strong>ran-Note: 3<\/strong><\/p>\n<p>Einwechselspieler<\/p>\n<p class=\"css-1cmglxz\"><strong>Julian Brandt (ab der 71. Minute):<\/strong> Kommt f\u00fcr Beier ins Spiel und ist ma\u00dfgeblich an der Aktion vor dem Elfmeter beteiligt, als er Guirassy bedient. Agiert in derselben Aktion zuvor aber ungl\u00fccklich und h\u00e4tte die Situation beinahe vert\u00e4ndelt. <strong>ran-Note: 3<\/strong><\/p>\n<p class=\"css-1cmglxz\"><strong>Jobe Bellingham (ab der 71. Minute):<\/strong> Betritt zeitgleich mit Brandt den Platz, ist danach aber eher Mitl\u00e4ufer ohne Bindung zum Spiel. <strong>ran-Note: 4<\/strong><\/p>\n<p class=\"css-1cmglxz\"><strong>Pascal Gro\u00df (ab der 90+2. Minute):<\/strong> Nach seiner Erkrankung kommt er f\u00fcr die finalen Minuten zur Ergebnissicherung auf den Platz &#8211; und kassiert auf dem Feld zwei Gegentore. <strong>ran-Note: ohne Bewertung<\/strong><\/p>\n","protected":false},"excerpt":{"rendered":"Wahnsinn in Turin! Borussia Dortmund wirft einen eigentlich sicheren Sieg bei Juventus noch weg und muss sich mit&hellip;\n","protected":false},"author":2,"featured_media":428607,"comment_status":"","ping_status":"","sticky":false,"template":"","format":"standard","meta":{"footnotes":"","_share_on_mastodon":"0"},"categories":[1833],"tags":[63817,888,403,468,3364,29,217,4415,30,26633,1209,17035],"class_list":["post-428606","post","type-post","status-publish","format-standard","has-post-thumbnail","category-dortmund","tag-1-spieltag","tag-borussia-dortmund","tag-bvb","tag-champions-league","tag-de","tag-deutschland","tag-dortmund","tag-einzelkritik","tag-germany","tag-juventus-turin","tag-nordrhein-westfalen","tag-noten"],"share_on_mastodon":{"url":"https:\/\/pubeurope.com\/@de\/115217211474553307","error":""},"_links":{"self":[{"href":"https:\/\/www.europesays.com\/de\/wp-json\/wp\/v2\/posts\/428606","targetHints":{"allow":["GET"]}}],"collection":[{"href":"https:\/\/www.europesays.com\/de\/wp-json\/wp\/v2\/posts"}],"about":[{"href":"https:\/\/www.europesays.com\/de\/wp-json\/wp\/v2\/types\/post"}],"author":[{"embeddable":true,"href":"https:\/\/www.europesays.com\/de\/wp-json\/wp\/v2\/users\/2"}],"replies":[{"embeddable":true,"href":"https:\/\/www.europesays.com\/de\/wp-json\/wp\/v2\/comments?post=428606"}],"version-history":[{"count":0,"href":"https:\/\/www.europesays.com\/de\/wp-json\/wp\/v2\/posts\/428606\/revisions"}],"wp:featuredmedia":[{"embeddable":true,"href":"https:\/\/www.europesays.com\/de\/wp-json\/wp\/v2\/media\/428607"}],"wp:attachment":[{"href":"https:\/\/www.europesays.com\/de\/wp-json\/wp\/v2\/media?parent=428606"}],"wp:term":[{"taxonomy":"category","embeddable":true,"href":"https:\/\/www.europesays.com\/de\/wp-json\/wp\/v2\/categories?post=428606"},{"taxonomy":"post_tag","embeddable":true,"href":"https:\/\/www.europesays.com\/de\/wp-json\/wp\/v2\/tags?post=428606"}],"curies":[{"name":"wp","href":"https:\/\/api.w.org\/{rel}","templated":true}]}}