{"id":428882,"date":"2025-09-17T04:56:17","date_gmt":"2025-09-17T04:56:17","guid":{"rendered":"https:\/\/www.europesays.com\/de\/428882\/"},"modified":"2025-09-17T04:56:17","modified_gmt":"2025-09-17T04:56:17","slug":"3-liga-msv-duisburg-setzt-siegesserie-fort","status":"publish","type":"post","link":"https:\/\/www.europesays.com\/de\/428882\/","title":{"rendered":"3. Liga: MSV Duisburg setzt Siegesserie fort"},"content":{"rendered":"<p class=\"css-1q8kfuz\">Der MSV Duisburg ist in der <a href=\"https:\/\/www.ran.de\/sports\/fussball\/3-liga\" rel=\"nofollow noopener\" target=\"_blank\">3. Liga<\/a> weiter nicht zu stoppen. Auch in Schweinfurt gewinnt der Aufsteiger. Der 1. FC Saarbr\u00fccken h\u00e4lt Schritt, Viktoria K\u00f6ln macht den Dreier erst in der Nachspielzeit perfekt.<\/p>\n<p class=\"css-1cmglxz\">Der MSV Duisburg hat in der 3. Fu\u00dfball-Liga auch das sechste Spiel gewonnen und damit die Tabellenf\u00fchrung weiter ausgebaut.<\/p>\n<p class=\"css-1cmglxz\">Beim 1. FC Schweinfurt gewann der furiose Aufsteiger durch die Tore von Rasim Bulic (15.), Tobias Fleckstein (61.) und Can Coskun (74.) mit 3:0 (1:0) und liegt mit der makellosen Bilanz von 18 Punkten nun bereits f\u00fcnf Punkte vor dem ersten Verfolger.<\/p>\n<p class=\"css-1cmglxz\">Das ist nach den Dienstagsspielen zun\u00e4chst der 1. FC Saarbr\u00fccken. Die Saarl\u00e4nder besiegten die SSV Ulm dank eines Doppelpacks von Florian Flick (5., 68.) mit 3:1 (1:0) und sprangen damit auf Rang zwei, 1860 M\u00fcnchen (11 Punkte) k\u00f6nnte am Mittwoch (ausw\u00e4rts bei Hansa Rostock) aber wieder vorbeiziehen.<\/p>\n<p>3. Liga: Lobinger trifft in der 92. Minute entscheidend<\/p>\n<p class=\"css-1cmglxz\">Ganz oben mischt auch Viktoria K\u00f6ln mit. Die Domst\u00e4dter schoben sich durch den Last-Minute-Sieg gegen die Zweitvertretung der TSG Hoffenheim (2:1) auf Rang drei (12 Punkte). Lex-Tyger Lobinger traf in der 92. Minute zum umjubelten Siegtreffer f\u00fcr die \u00fcber eine Halbzeit in \u00dcberzahl spielende Viktoria.<\/p>\n<p class=\"css-1cmglxz\">Au\u00dferdem gewann der SV Wehen Wiesbaden mit 2:0 gegen Jahn Regensburg und der SC Verl setzte sich gegen Alemannia Aachen mit 2:1 durch.<\/p>\n","protected":false},"excerpt":{"rendered":"Der MSV Duisburg ist in der 3. Liga weiter nicht zu stoppen. Auch in Schweinfurt gewinnt der Aufsteiger.&hellip;\n","protected":false},"author":2,"featured_media":428883,"comment_status":"","ping_status":"","sticky":false,"template":"","format":"standard","meta":{"footnotes":"","_share_on_mastodon":"0"},"categories":[1838],"tags":[3729,27049,995,999,3364,29,3715,347,30,3721,1209,9622,16757,12758,22506,27051,6921],"class_list":["post-428882","post","type-post","status-publish","format-standard","has-post-thumbnail","category-duisburg","tag-1-fc-saarbruecken","tag-1-fc-schweinfurt","tag-3-liga","tag-alemannia-aachen","tag-de","tag-deutschland","tag-duisburg","tag-fussball","tag-germany","tag-msv-duisburg","tag-nordrhein-westfalen","tag-sc-verl","tag-ssv-jahn-regensburg","tag-ssv-ulm","tag-sv-wehen-wiesbaden","tag-tsg-hoffenheim-ii","tag-viktoria-koeln"],"share_on_mastodon":{"url":"https:\/\/pubeurope.com\/@de\/115217863971313843","error":""},"_links":{"self":[{"href":"https:\/\/www.europesays.com\/de\/wp-json\/wp\/v2\/posts\/428882","targetHints":{"allow":["GET"]}}],"collection":[{"href":"https:\/\/www.europesays.com\/de\/wp-json\/wp\/v2\/posts"}],"about":[{"href":"https:\/\/www.europesays.com\/de\/wp-json\/wp\/v2\/types\/post"}],"author":[{"embeddable":true,"href":"https:\/\/www.europesays.com\/de\/wp-json\/wp\/v2\/users\/2"}],"replies":[{"embeddable":true,"href":"https:\/\/www.europesays.com\/de\/wp-json\/wp\/v2\/comments?post=428882"}],"version-history":[{"count":0,"href":"https:\/\/www.europesays.com\/de\/wp-json\/wp\/v2\/posts\/428882\/revisions"}],"wp:featuredmedia":[{"embeddable":true,"href":"https:\/\/www.europesays.com\/de\/wp-json\/wp\/v2\/media\/428883"}],"wp:attachment":[{"href":"https:\/\/www.europesays.com\/de\/wp-json\/wp\/v2\/media?parent=428882"}],"wp:term":[{"taxonomy":"category","embeddable":true,"href":"https:\/\/www.europesays.com\/de\/wp-json\/wp\/v2\/categories?post=428882"},{"taxonomy":"post_tag","embeddable":true,"href":"https:\/\/www.europesays.com\/de\/wp-json\/wp\/v2\/tags?post=428882"}],"curies":[{"name":"wp","href":"https:\/\/api.w.org\/{rel}","templated":true}]}}