{"id":429518,"date":"2025-09-17T11:02:14","date_gmt":"2025-09-17T11:02:14","guid":{"rendered":"https:\/\/www.europesays.com\/de\/429518\/"},"modified":"2025-09-17T11:02:14","modified_gmt":"2025-09-17T11:02:14","slug":"wohngebaeude-nach-dachstuhlbrand-in-berlin-schoeneberg-einsturzgefaehrdet","status":"publish","type":"post","link":"https:\/\/www.europesays.com\/de\/429518\/","title":{"rendered":"Wohngeb\u00e4ude nach Dachstuhlbrand in Berlin-Sch\u00f6neberg einsturzgef\u00e4hrdet"},"content":{"rendered":"<p class=\"tspB8m0 tspB8m1\">Nach einem <strong>Dachstuhlbrand in Berlin-Sch\u00f6neberg ist ein Wohnhaus einsturzgef\u00e4hrdet <\/strong>und nicht mehr bewohnbar. Wie Einsatzkr\u00e4fte der Polizei mitteilten, wurde das Wohnhaus in der Motzstra\u00dfe komplett gesperrt. Hausfassade, W\u00e4nde und Dach sind laut Bauaufsicht nicht mehr stabil.<\/p>\n<p class=\"tspB8m0\">Auch der zun\u00e4chst wieder freigegebene Seitenfl\u00fcgel im Hinterhof wird evakuiert. Bis auf einen Mieter, der durch die L\u00f6scharbeiten einen Wasserschaden erlitt, war dort niemand vom Feuer betroffen. Bei den aktuellen Witterungsbedingungen k\u00f6nne man jedoch nicht ausschlie\u00dfen, dass das Geb\u00e4ude in den Hof und damit auf den Seitenfl\u00fcgel kippe. Das habe eine Pr\u00fcfung durch die Bauaufsicht ergeben, so die Polizei. Nachbarh\u00e4user sind nicht betroffen.<\/p>\n<p class=\"tspB8m0\">Der Mieter der unter dem Dachstuhl befindlichen Wohnung sei zum Brandzeitpunkt nicht zu Hause gewesen, teilte eine am Unfallort befindlichen Polizistin dem Tagesspiegel mit. Angaben zur Brandursache kann die Polizei bislang nicht machen, das Landeskriminalamt soll die Ermittlungen \u00fcbernehmen. Die Feuerwehr beendete gegen 12 Uhr die Brandnachbereitung im Haus in der Motzstra\u00dfe.<\/p>\n<p> Mieter wird um kurz vor vier Uhr geweckt \u2013 \u00fcberall war Rauch <\/p>\n<p class=\"tspB8m0\">Immer wieder kommen Mieter zur\u00fcck zum Haus, um einige Dinge aus ihren Wohnungen zu retten.<strong> \u201eKurz vor vier sind wir aufgeweckt worden, wir haben Klopfen geh\u00f6rt\u201c<\/strong>, sagt Mieter Gabriel, der seinen Nachnamen nicht in der Zeitung lesen will. \u00dcberall sei Rauch gewesen, sie h\u00e4tten die Wohnung fluchtartig verlassen. Eben waren sie zum ersten Mal kurz wieder in der etwas tiefer gelegenen Wohnung, dort habe vor allem das L\u00f6schwasser vieles besch\u00e4digt.<\/p>\n<p>Die Polizei holt die letzten zur\u00fcckgekehrten Mieter aus den Wohnungen, diese m\u00fcssten sich um Notunterk\u00fcnfte k\u00fcmmern.<\/p>\n<p> Feuerwehr in der sp\u00e4ten Nacht im Gro\u00dfeinsatz <\/p>\n<p class=\"tspB8m0\">Die Feuerwehr war am Mittwochmorgen gegen 3.30 Uhr alarmiert worden. Es brannte der Dachstuhl des Vorderhauses. Die Bewohnerinnen und Bewohner des Geb\u00e4udes sowie angrenzender Wohnh\u00e4user mussten ihre Wohnungen verlassen. <strong>Insgesamt 70 Menschen waren betroffen, verletzt wurde niemand<\/strong>. Sie wurden in einem Bus der Berliner Verkehrsbetriebe vor Ort betreut.\u00a0<\/p>\n<p class=\"tspB8m0\">Die Bewohner der <strong>Nachbargeb\u00e4ude<\/strong> konnten in ihre Wohnungen zur\u00fcckkehren.\u00a0Sch\u00e4den sind laut Polizei dort nicht entstanden.\u00a0<\/p>\n<p> Mehr aus Berlin: <a href=\"https:\/\/www.tagesspiegel.de\/berlin\/die-uhr-tickt-drei-probleme-machen-der-berliner-feuerwehr-jetzt-zu-schaffen-14130413.html?icid=topic-list_14340263___\" data-gtm-class=\"article-mzt-link\" class=\"tspCFno\" target=\"_blank\" rel=\"noopener\">\u201eDie Uhr tickt\u201c Drei Probleme machen der Berliner Feuerwehr jetzt zu schaffen <\/a><a href=\"https:\/\/www.tagesspiegel.de\/berlin\/so-schrott-ist-die-berliner-polizei--die-beweisfotos-beamte-riechen-nach-fakalien-und-fahren-klebeband-autos-14165414.html?icid=topic-list_14340263___\" data-gtm-class=\"article-mzt-link\" class=\"tspCFno\" target=\"_blank\" rel=\"noopener\">So schrott ist die Berliner Polizei \u2013 die Beweisfotos Beamte riechen nach F\u00e4kalien und fahren Klebeband-Autos <\/a><a href=\"https:\/\/www.tagesspiegel.de\/berlin\/berliner-beamte-mit-migrationshintergrund-im-visier-palastina-aktivisten-verbreiten-private-daten-eines-polizisten-14181254.html?icid=topic-list_14340263___\" data-gtm-class=\"article-mzt-link\" class=\"tspCFno\" target=\"_blank\" rel=\"noopener\">Berliner Beamte im Visier Pal\u00e4stina-Aktivisten verbreiten private Daten von Polizisten mit Migrationshintergrund  <\/a><\/p>\n<p class=\"tspB8m0\"><strong>Teile des Dachstuhls sind den Angaben zufolge eingest\u00fcrzt. <\/strong>Einsatzkr\u00e4fte der Feuerwehr mussten auch die Wassersch\u00e4den im Rest des Geb\u00e4udes eind\u00e4mmen, hie\u00df es von der Feuerwehr. Wie gro\u00df die Sch\u00e4den dort sind, ist unklar \u2013 ebenso ob und wann die Bewohnerinnen und Bewohner wieder in das Haus zur\u00fcckk\u00f6nnen.\u00a0Rund <strong>140 Einsatzkr\u00e4fte waren zwischenzeitlich vor <\/strong>Ort, um das Feuer zu l\u00f6schen. (dpa)<\/p>\n","protected":false},"excerpt":{"rendered":"Nach einem Dachstuhlbrand in Berlin-Sch\u00f6neberg ist ein Wohnhaus einsturzgef\u00e4hrdet und nicht mehr bewohnbar. Wie Einsatzkr\u00e4fte der Polizei mitteilten,&hellip;\n","protected":false},"author":2,"featured_media":429519,"comment_status":"","ping_status":"","sticky":false,"template":"","format":"standard","meta":{"footnotes":""},"categories":[1825],"tags":[296,29,985,30,7134,528],"class_list":{"0":"post-429518","1":"post","2":"type-post","3":"status-publish","4":"format-standard","5":"has-post-thumbnail","7":"category-berlin","8":"tag-berlin","9":"tag-deutschland","10":"tag-feuerwehr","11":"tag-germany","12":"tag-mieten","13":"tag-tempelhof-schoeneberg"},"share_on_mastodon":{"url":"https:\/\/pubeurope.com\/@de\/115219303699206742","error":""},"_links":{"self":[{"href":"https:\/\/www.europesays.com\/de\/wp-json\/wp\/v2\/posts\/429518","targetHints":{"allow":["GET"]}}],"collection":[{"href":"https:\/\/www.europesays.com\/de\/wp-json\/wp\/v2\/posts"}],"about":[{"href":"https:\/\/www.europesays.com\/de\/wp-json\/wp\/v2\/types\/post"}],"author":[{"embeddable":true,"href":"https:\/\/www.europesays.com\/de\/wp-json\/wp\/v2\/users\/2"}],"replies":[{"embeddable":true,"href":"https:\/\/www.europesays.com\/de\/wp-json\/wp\/v2\/comments?post=429518"}],"version-history":[{"count":0,"href":"https:\/\/www.europesays.com\/de\/wp-json\/wp\/v2\/posts\/429518\/revisions"}],"wp:featuredmedia":[{"embeddable":true,"href":"https:\/\/www.europesays.com\/de\/wp-json\/wp\/v2\/media\/429519"}],"wp:attachment":[{"href":"https:\/\/www.europesays.com\/de\/wp-json\/wp\/v2\/media?parent=429518"}],"wp:term":[{"taxonomy":"category","embeddable":true,"href":"https:\/\/www.europesays.com\/de\/wp-json\/wp\/v2\/categories?post=429518"},{"taxonomy":"post_tag","embeddable":true,"href":"https:\/\/www.europesays.com\/de\/wp-json\/wp\/v2\/tags?post=429518"}],"curies":[{"name":"wp","href":"https:\/\/api.w.org\/{rel}","templated":true}]}}