{"id":429675,"date":"2025-09-17T12:29:11","date_gmt":"2025-09-17T12:29:11","guid":{"rendered":"https:\/\/www.europesays.com\/de\/429675\/"},"modified":"2025-09-17T12:29:11","modified_gmt":"2025-09-17T12:29:11","slug":"renitenztheater-altwerden-ist-nichts-fuer-feiglinge","status":"publish","type":"post","link":"https:\/\/www.europesays.com\/de\/429675\/","title":{"rendered":"Renitenztheater: Altwerden ist nichts f\u00fcr Feiglinge"},"content":{"rendered":"<p>Elke Heidenreich muss nichts und niemanden mehr etwas beweisen. Auf ihren Wegen zwischen Volksn\u00e4he und Intellekt hat sie eigentlich schon alles und jeden erreicht. Von ihrer Grimmepreis-geehrten Metzgersgattin Else Stratmann aus Wanne-Eickel bis hin zur einflussreichsten Literaturkritikerin im Format \u201eLesen!\u201c, mit dem sie auf dem Sendeplatz des \u201eLiterarischen Quartetts\u201c h\u00f6here Einschaltquoten hatte als ihr Vorg\u00e4nger. Allerdings gab Marcel Reich-Ranicki auch den Ansto\u00df f\u00fcr das Ende von Elke Heidenreichs ZDF-Karriere. Nach dessen \u00f6ffentlichkeitswirksamer Ablehnung des Deutschen Fernsehpreises sch\u00e4mte sie sich in einem Artikel f\u00fcr die \u201eFAZ\u201c solidarisch mit \u00fcber den \u201ekulturlosen Haufen\u201c im Sender \u2013 und provozierte so ihre K\u00fcndigung. Das war 2008. Wie viel Anerkennung br\u00e4chte wohl heute ein Rausschmiss aus der Anstalt?<\/p>\n<p>Meistverkauftes Buch 2024 <\/p>\n<p>Geschadet hat es Elke Heidenreich jedenfalls nicht, die weiterhin ein gro\u00dfes Publikum erreichte. Aber dass ihr nun mit 111 Seiten \u201eAltern\u201c das meistverkaufte Buch 2024 gelungen ist, noch vor den 736 Seiten \u201eFreiheit\u201c einer gewissen Angela Merkel, die allerdings auch erst zum Weihnachtsgesch\u00e4ft auf den Markt geworfen wurden? Diesen \u201ebombastischen Erfolg\u201c habe sie selbst nicht fassen k\u00f6nnen. Zumal sie ihn gar nicht wollte, beziehungsweise: Als sie der Hanser-Verlag um einen Beitrag f\u00fcr die Reihe \u201eDas Leben lesen\u201c bat, habe sie gleich an das Thema \u201eWohnen\u201c gedacht. Schlie\u00dflich ist sie in ihrem Leben 23-mal umgezogen. Aber \u00fcber das Alter? \u201eAuf keinen Fall\u201c \u2013 um sich bald darauf zu sagen: \u201eWer, wenn nicht ich?\u201c Und so nimmt sie mit ihren 82 Jahren am Dienstagabend auf der B\u00fchne des ausverkauften Renitenztheaters Platz. <\/p>\n<p>Aber Elke Heidenreich ist trotz gelegentlicher Husten- und R\u00e4usperattacken in ihrem Auftreten munter genug. Beim \u201eAltern\u201c f\u00e4ngt sie mit dem Anfang an, der zeigt, dass es immer mindestens zwei Lesarten gibt, auch der eigenen Biografie. Auf die Aufz\u00e4hlungen zu \u201eich habe mein Leben komplett in den Sand gesetzt\u201c folgt ein \u201eich hatte ein unfassbar wunderbares Leben\u201c. Obwohl sie Krankheit seit ihrer Kindheit kenne, wei\u00df sie: \u201eIch bin privilegiert und kann mir solche Gedankenspiele leisten.\u201c <\/p>\n<p>Dabei liegt es Elke Heidenreich fern, negative Aspekte des Alterns auszublenden, aber zwischen \u201eDefiziten und Zugewinn\u201c findet sie wohltuende Worte: f\u00fcr \u201edie Falten, die man sich erworben hat\u201c, oder das nachts zwischen drei und f\u00fcnf Uhr wach liegen. Selbst Anstrengendes klingt mit einem \u201ena und?\u201c leichter, etwa dass das Anziehen von Strumpfhosen zu m\u00fchsam sei und sie deswegen kaum noch R\u00f6cke trage. <\/p>\n<p>Lastenr\u00e4der ab in die H\u00f6lle <\/p>\n<p>\u201eAltwerden ist nichts f\u00fcr Feiglinge\u201c, zitiert sie Bette Davis. Joachim Fuchsberger \u00fcberschrieb ein ganzes Buch so und versch\u00e4rfte den Spruch nach einem Schlaganfall zu \u201eAltwerden ist schei\u00dfe\u201c. Auch das darf man sagen. Bei aller Gelassenheit \u201ein hysterischen Zeiten\u201c muss sie aber sagen: \u201eWir sind doch nicht nur die alten selbsts\u00fcchtigen Deppen, die den heute Jungen das alles eingebrockt haben.\u201c Sie wettert zwar auch gegen die Gro\u00dfindustrie, gegen Trump und all die anderen durchdrehenden Herrscher dieser Welt, will aber nicht auf jeder Welle mitreiten und hofft, dass \u201eLastenr\u00e4der bald in der H\u00f6lle der Entbehrlichkeiten verschwinden\u201c. <\/p>\n<p>So hinterl\u00e4sst Elke Heidenreich auch im Renitenztheater viel Bleibendes, mindestens die Anregung: Altern? So k\u00f6nnte es gehen. Sei es wie bei ihr mit einem kleinen Hund oder im Sinne von Keith Richards: \u201eEin Mittag- oder Abendessen ohne ein Glas Wein ist l\u00e4cherlich.\u201c <\/p>\n","protected":false},"excerpt":{"rendered":"Elke Heidenreich muss nichts und niemanden mehr etwas beweisen. Auf ihren Wegen zwischen Volksn\u00e4he und Intellekt hat sie&hellip;\n","protected":false},"author":2,"featured_media":429676,"comment_status":"","ping_status":"","sticky":false,"template":"","format":"standard","meta":{"footnotes":""},"categories":[1774],"tags":[44622,1784,1785,29,48274,214,30,112349,80,4413,215],"class_list":{"0":"post-429675","1":"post","2":"type-post","3":"status-publish","4":"format-standard","5":"has-post-thumbnail","7":"category-buecher","8":"tag-altern","9":"tag-books","10":"tag-buecher","11":"tag-deutschland","12":"tag-elke-heidenreich","13":"tag-entertainment","14":"tag-germany","15":"tag-joachim-fuchsberger","16":"tag-kultur","17":"tag-renitenztheater","18":"tag-unterhaltung"},"share_on_mastodon":{"url":"https:\/\/pubeurope.com\/@de\/115219645385028346","error":""},"_links":{"self":[{"href":"https:\/\/www.europesays.com\/de\/wp-json\/wp\/v2\/posts\/429675","targetHints":{"allow":["GET"]}}],"collection":[{"href":"https:\/\/www.europesays.com\/de\/wp-json\/wp\/v2\/posts"}],"about":[{"href":"https:\/\/www.europesays.com\/de\/wp-json\/wp\/v2\/types\/post"}],"author":[{"embeddable":true,"href":"https:\/\/www.europesays.com\/de\/wp-json\/wp\/v2\/users\/2"}],"replies":[{"embeddable":true,"href":"https:\/\/www.europesays.com\/de\/wp-json\/wp\/v2\/comments?post=429675"}],"version-history":[{"count":0,"href":"https:\/\/www.europesays.com\/de\/wp-json\/wp\/v2\/posts\/429675\/revisions"}],"wp:featuredmedia":[{"embeddable":true,"href":"https:\/\/www.europesays.com\/de\/wp-json\/wp\/v2\/media\/429676"}],"wp:attachment":[{"href":"https:\/\/www.europesays.com\/de\/wp-json\/wp\/v2\/media?parent=429675"}],"wp:term":[{"taxonomy":"category","embeddable":true,"href":"https:\/\/www.europesays.com\/de\/wp-json\/wp\/v2\/categories?post=429675"},{"taxonomy":"post_tag","embeddable":true,"href":"https:\/\/www.europesays.com\/de\/wp-json\/wp\/v2\/tags?post=429675"}],"curies":[{"name":"wp","href":"https:\/\/api.w.org\/{rel}","templated":true}]}}