{"id":429815,"date":"2025-09-17T13:45:13","date_gmt":"2025-09-17T13:45:13","guid":{"rendered":"https:\/\/www.europesays.com\/de\/429815\/"},"modified":"2025-09-17T13:45:13","modified_gmt":"2025-09-17T13:45:13","slug":"80-jaehrige-stirbt-nach-unfall-mit-roller-in-berlin","status":"publish","type":"post","link":"https:\/\/www.europesays.com\/de\/429815\/","title":{"rendered":"80-J\u00e4hrige stirbt nach Unfall mit Roller in Berlin"},"content":{"rendered":"<p class=\"tspB8m0 tspB8m1\">Nach einem Verkehrsunfall in Berlin-Mitte ist eine Frau gestorben. Die 80-J\u00e4hrige erlag in der Nacht zu Mittwoch in einem Krankenhaus in Wedding ihren schweren Verletzungen, wie die Polizei mitteilte.<\/p>\n<p class=\"tspB8m0\">Der Unfall hatte sich am 22. August in Moabit ereignet. Ein junger Mann war kurz vor 15 Uhr mit einem Roller in der Lehrter Stra\u00dfe in Richtung Perleberger Stra\u00dfe unterwegs. Als der 19-J\u00e4hrige zwischen der Kruppstra\u00dfe und der Perleberger Stra\u00dfe an einem in zweiter Reihe parkenden Transporter vorbeifuhr, traf er die Frau, die mit ihrem Hund die Stra\u00dfe \u00fcberquerte. <\/p>\n<p> Weitere aktuelle Nachrichten aus Berlin: <a href=\"https:\/\/www.tagesspiegel.de\/berlin\/seitenflugel-wird-evakuiert-wohnhaus-in-berlin-schoneberg-nach-dachstuhlbrand-einsturzgefahrdet-14340263.html?icid=topic-list_14342822___\" data-gtm-class=\"article-mzt-link\" class=\"tspCFno\" target=\"_blank\" rel=\"noopener\">Seitenfl\u00fcgel wird evakuiert Wohnhaus in Berlin-Sch\u00f6neberg nach Dachstuhlbrand einsturzgef\u00e4hrdet <\/a><a href=\"https:\/\/www.tagesspiegel.de\/berlin\/der-nachste-superstar-im-berghain-drake-war-wahrend-konzert-tournee-wohl-im-berliner-techno-club-14341826.html?icid=topic-list_14342822___\" data-gtm-class=\"article-mzt-link\" class=\"tspCFno\" target=\"_blank\" rel=\"noopener\">Der n\u00e4chste Superstar im Berghain? Drake war w\u00e4hrend Konzert-Tournee wohl im Berliner Techno-Club <\/a><a href=\"https:\/\/www.tagesspiegel.de\/berlin\/fur-vogel-hochansteckende-newcastle-krankheit-tierheim-schliesst-wegen-tierseuche-bei-tauben-14341817.html?icid=topic-list_14342822___\" data-gtm-class=\"article-mzt-link\" class=\"tspCFno\" target=\"_blank\" rel=\"noopener\">F\u00fcr V\u00f6gel hochansteckende Newcastle-Krankheit Tierheim schlie\u00dft wegen Tierseuche bei Tauben <\/a><\/p>\n<p class=\"tspB8m0\">Die 80-J\u00e4hrige war mit lebensgef\u00e4hrlichen Verletzungen von Rettungskr\u00e4ften in eine Klinik gebracht worden. Ihr Hund und der Roller-Fahrer blieben unverletzt. (Tsp)<\/p>\n<p> Quiz: K\u00f6rperverletzung, Einbruch, Raub \u2013 wo ist Berlin am gef\u00e4hrlichsten? <\/p>\n","protected":false},"excerpt":{"rendered":"Nach einem Verkehrsunfall in Berlin-Mitte ist eine Frau gestorben. Die 80-J\u00e4hrige erlag in der Nacht zu Mittwoch in&hellip;\n","protected":false},"author":2,"featured_media":429816,"comment_status":"","ping_status":"","sticky":false,"template":"","format":"standard","meta":{"footnotes":""},"categories":[1825],"tags":[296,29,30,525,1284,6790,2101],"class_list":{"0":"post-429815","1":"post","2":"type-post","3":"status-publish","4":"format-standard","5":"has-post-thumbnail","7":"category-berlin","8":"tag-berlin","9":"tag-deutschland","10":"tag-germany","11":"tag-mitte","12":"tag-unfall","13":"tag-verkehrsdelikte","14":"tag-verkehrsungluecke"},"share_on_mastodon":{"url":"https:\/\/pubeurope.com\/@de\/115219944190790654","error":""},"_links":{"self":[{"href":"https:\/\/www.europesays.com\/de\/wp-json\/wp\/v2\/posts\/429815","targetHints":{"allow":["GET"]}}],"collection":[{"href":"https:\/\/www.europesays.com\/de\/wp-json\/wp\/v2\/posts"}],"about":[{"href":"https:\/\/www.europesays.com\/de\/wp-json\/wp\/v2\/types\/post"}],"author":[{"embeddable":true,"href":"https:\/\/www.europesays.com\/de\/wp-json\/wp\/v2\/users\/2"}],"replies":[{"embeddable":true,"href":"https:\/\/www.europesays.com\/de\/wp-json\/wp\/v2\/comments?post=429815"}],"version-history":[{"count":0,"href":"https:\/\/www.europesays.com\/de\/wp-json\/wp\/v2\/posts\/429815\/revisions"}],"wp:featuredmedia":[{"embeddable":true,"href":"https:\/\/www.europesays.com\/de\/wp-json\/wp\/v2\/media\/429816"}],"wp:attachment":[{"href":"https:\/\/www.europesays.com\/de\/wp-json\/wp\/v2\/media?parent=429815"}],"wp:term":[{"taxonomy":"category","embeddable":true,"href":"https:\/\/www.europesays.com\/de\/wp-json\/wp\/v2\/categories?post=429815"},{"taxonomy":"post_tag","embeddable":true,"href":"https:\/\/www.europesays.com\/de\/wp-json\/wp\/v2\/tags?post=429815"}],"curies":[{"name":"wp","href":"https:\/\/api.w.org\/{rel}","templated":true}]}}