{"id":429886,"date":"2025-09-17T14:24:11","date_gmt":"2025-09-17T14:24:11","guid":{"rendered":"https:\/\/www.europesays.com\/de\/429886\/"},"modified":"2025-09-17T14:24:11","modified_gmt":"2025-09-17T14:24:11","slug":"neuausrichtung-in-kopenhagen-daenemark-kauft-erstmals-langstrecken-praezisionswaffen-wegen-bedrohung-durch-russland","status":"publish","type":"post","link":"https:\/\/www.europesays.com\/de\/429886\/","title":{"rendered":"Neuausrichtung in Kopenhagen: D\u00e4nemark kauft erstmals Langstrecken-Pr\u00e4zisionswaffen wegen Bedrohung durch Russland"},"content":{"rendered":"<p>                    Neuausrichtung in Kopenhagen<br \/>\n                D\u00e4nemark kauft erstmals Langstrecken-Pr\u00e4zisionswaffen wegen Bedrohung durch Russland<\/p>\n<p>\t\t\t\t              17.09.2025, 16:17 Uhr<\/p>\n<p><b>D\u00e4nemark will angesichts der Bedrohung durch Russland erstmals Langstrecken-Pr\u00e4zisionswaffen kaufen. Die Beschaffung der Waffen sei ein &#8222;Paradigmenwechsel in der d\u00e4nischen Verteidigungspolitik&#8220;, sagte Regierungschefin Mette Frederiksen am Mittwoch.<\/b><\/p>\n<p>Russland werde auf Jahre hinaus die Sicherheit in D\u00e4nemark und ganz Europa bedrohen. Mit dem Kauf der Langstrecken-Pr\u00e4zisionswaffen solle eine &#8222;glaubw\u00fcrdige Abschreckung&#8220; erreicht werden, sagte Frederiksen. Die d\u00e4nische Armee solle in die Lage versetzt werden, &#8222;Ziele in gro\u00dfer Entfernung zu treffen und beispielsweise die Bedrohung durch feindliche Raketen zu neutralisieren&#8220;.<\/p>\n<p>Verteidigungsminister Troels Lund Poulsen erkl\u00e4rte, D\u00e4nemark plane den Kauf von Drohnen oder Raketen, die einige Nato-Verb\u00fcndete bereits besitzen oder gerade anschaffen. Sein Ministerium werde nun pr\u00fcfen, welche Waffen f\u00fcr die Bed\u00fcrfnisse des Landes am besten geeignet seien.<\/p>\n<p>D\u00e4nemark hat seit der russischen Invasion der Ukraine im Februar 2022 seine Verteidigungsausgaben stark erh\u00f6ht, um seine Streitkr\u00e4fte massiv aufzur\u00fcsten. In der vergangenen Woche k\u00fcndigte die Regierung in Kopenhagen an, f\u00fcr 58 Milliarden Kronen (fast 7,8 Milliarden Euro) Luftabwehrsysteme europ\u00e4ischer Hersteller zu kaufen.<\/p>\n","protected":false},"excerpt":{"rendered":"Neuausrichtung in Kopenhagen D\u00e4nemark kauft erstmals Langstrecken-Pr\u00e4zisionswaffen wegen Bedrohung durch Russland 17.09.2025, 16:17 Uhr D\u00e4nemark will angesichts der&hellip;\n","protected":false},"author":2,"featured_media":429887,"comment_status":"","ping_status":"","sticky":false,"template":"","format":"standard","meta":{"footnotes":""},"categories":[4013],"tags":[331,332,41,1160,13,2914,112405,14,51058,15,4043,4044,850,307,12],"class_list":{"0":"post-429886","1":"post","2":"type-post","3":"status-publish","4":"format-standard","5":"has-post-thumbnail","7":"category-russland","8":"tag-aktuelle-nachrichten","9":"tag-aktuelle-news","10":"tag-bedrohung","11":"tag-daenemark","12":"tag-headlines","13":"tag-kopenhagen","14":"tag-langstrecken-praezisionswaffen","15":"tag-nachrichten","16":"tag-neuausrichtung","17":"tag-news","18":"tag-russia","19":"tag-russian-federation","20":"tag-russische-foederation","21":"tag-russland","22":"tag-schlagzeilen"},"share_on_mastodon":{"url":"https:\/\/pubeurope.com\/@de\/115220097474818501","error":""},"_links":{"self":[{"href":"https:\/\/www.europesays.com\/de\/wp-json\/wp\/v2\/posts\/429886","targetHints":{"allow":["GET"]}}],"collection":[{"href":"https:\/\/www.europesays.com\/de\/wp-json\/wp\/v2\/posts"}],"about":[{"href":"https:\/\/www.europesays.com\/de\/wp-json\/wp\/v2\/types\/post"}],"author":[{"embeddable":true,"href":"https:\/\/www.europesays.com\/de\/wp-json\/wp\/v2\/users\/2"}],"replies":[{"embeddable":true,"href":"https:\/\/www.europesays.com\/de\/wp-json\/wp\/v2\/comments?post=429886"}],"version-history":[{"count":0,"href":"https:\/\/www.europesays.com\/de\/wp-json\/wp\/v2\/posts\/429886\/revisions"}],"wp:featuredmedia":[{"embeddable":true,"href":"https:\/\/www.europesays.com\/de\/wp-json\/wp\/v2\/media\/429887"}],"wp:attachment":[{"href":"https:\/\/www.europesays.com\/de\/wp-json\/wp\/v2\/media?parent=429886"}],"wp:term":[{"taxonomy":"category","embeddable":true,"href":"https:\/\/www.europesays.com\/de\/wp-json\/wp\/v2\/categories?post=429886"},{"taxonomy":"post_tag","embeddable":true,"href":"https:\/\/www.europesays.com\/de\/wp-json\/wp\/v2\/tags?post=429886"}],"curies":[{"name":"wp","href":"https:\/\/api.w.org\/{rel}","templated":true}]}}