{"id":430092,"date":"2025-09-17T16:13:10","date_gmt":"2025-09-17T16:13:10","guid":{"rendered":"https:\/\/www.europesays.com\/de\/430092\/"},"modified":"2025-09-17T16:13:10","modified_gmt":"2025-09-17T16:13:10","slug":"seinen-20-jahrgang-erlebt-das-duesseldorfer-ido-orgelfestival-ab-26-september","status":"publish","type":"post","link":"https:\/\/www.europesays.com\/de\/430092\/","title":{"rendered":"Seinen 20. Jahrgang erlebt das D\u00fcsseldorfer Ido-Orgelfestival ab 26. September."},"content":{"rendered":"<p class=\"text_ohne_einzug richtext text-em-55 !leading-serif mx-6 desktop:mx-0\">2006 organisierte der Orgelbegeisterte Herbert H. Ludwig in D\u00fcsseldorf das erste Internationale D\u00fcsseldorfer Orgelfestival, kurz: Ido, gewiss in der Hoffnung, dass es lange Bestand hat. Seither hat Ido tats\u00e4chlich in jedem Jahr den Ruf D\u00fcsseldorfs als Orgelstadt untermauert. Zehntausende Zuh\u00f6rerinnen und Zuh\u00f6rer zog es im Laufe zweier Jahrzehnte an. Die Konzerte sind stets gut besucht, denn Ido ist zur Marke geworden, auf die man sich verlassen kann. Das wissen auch sowohl die Sponsoren, die die Reihe unterst\u00fctzen, als auch das D\u00fcsseldorfer Kulturamt. Gru\u00dfworte des Ministerpr\u00e4sidenten und des Oberb\u00fcrgermeisters im gedruckten Gesamtprogramm zeigen zudem, dass auch die Politik diese Festivalinitiative wertsch\u00e4tzt.<\/p>\n<p class=\"richtext text-em-55 !leading-serif mx-6 desktop:mx-0\">Frederike M\u00f6ller \u00fcbernahm 2023 die Intendanz. Die vielseitige Pianistin, Musikwissenschaftlerin und Hochschuldozentin, die auch in der Lokalpolitik aktiv ist, hat viele Traditionen weitergef\u00fchrt, setzt aber auch eigene musikalische Akzente, etwa das von ihr geleitete Mitsingkonzert am 27. September um 18 Uhr in der Petruskirche in Unterrath.<\/p>\n<p class=\"richtext text-em-55 !leading-serif mx-6 desktop:mx-0\">Die Altstadt mit den Kirchen St. Lambertus und St. Andreas bildet den Schwerpunkt der Spielorte, etliche Konzerte finden aber auch in der Tersteegenkirche in Golzheim, in St. Gertrud in Eller, in der evangelischen Petruskirche in Unterrath und in Kirchen weiterer Stadtteile statt. Zus\u00e4tzlich gibt es einen Exkurs in die Duisburger Salvatorkirche mit Orgel, Trompete und Filmmusik (am 24. Oktober um 18 Uhr). Die Orgelexkursion f\u00fchrt diesmal nach K\u00f6ln (am 8. November).<\/p>\n<p class=\"richtext text-em-55 !leading-serif mx-6 desktop:mx-0\">Zu Gast ist man aber auch in der Black Box mit ihrer Kinoorgel auf der Schulstra\u00dfe (am 25. Oktober um 20 Uhr: \u201ePanzerkreuzer Potemkin\u201c) und erstmalig und gleich mehrfach in der Sammlung Philara auf der Birkenstra\u00dfe in Flingern. Dort wird drei Monate lang anl\u00e4sslich des Ido-Geburtags ein begehbares Klangsystem namens \u201eModular Organ\u201c installiert. Er\u00f6ffnet wird diese Ausstellung am 18. Oktober ab 16 Uhr. Am 16. November um 18 Uhr wird es am gleichen Ort Musik f\u00fcr Salonorchester, Truhenorgel und weitere Instrumente geben, darunter \u201eDie St\u00fccke der Windrose\u201c von Mauricio Kagel. Hier werden auch G\u00e4ste des Notabu-Ensembles auftreten. Dieser Termin befindet sich aber schon jenseits des selbstgesteckten offiziellen Zeitrahmens vom 26. September bis 3. November. Danach gibt es noch mehrere weitere Termine.<\/p>\n<p class=\"richtext text-em-55 !leading-serif mx-6 desktop:mx-0\">Der runde Geburtstag wird mit insgesamt 52 Einzelveranstaltungen begangen. Wie immer werden diese nach Zielgruppen und Musikgeschmack kategorisiert. Hier eine Auswahl.<\/p>\n<p class=\"richtext text-em-55 !leading-serif mx-6 desktop:mx-0\"><strong class=\"font-bold dark:text-white-solid\">Classic <\/strong>Einen H\u00f6hepunkt des Festivals bildet das Konzert der international gefeierten Organistin Anna Lapwood aus England am 25. Oktober um 19.30 Uhr in der Oberkasseler Antoniuskirche. Sie mischt in ihrem Programm Klassisches mit Filmmusik und Pop. Wer sie je geh\u00f6rt hat, berichtet begeistert.<\/p>\n<p class=\"richtext text-em-55 !leading-serif mx-6 desktop:mx-0\">In einem weiteren Soloabend spielt die ebenfalls international bekannte Organistin Katelyn Emerson aus den USA moderne Orgelmusik in St. Lambertus (3. November, 19.30 Uhr).<\/p>\n<p class=\"richtext text-em-55 !leading-serif mx-6 desktop:mx-0\">Auch die Blockfl\u00f6tistin Dorothee Oberlinger geh\u00f6rt zu den hochrangigen Interpretinnen des Festivals. Am 3. Oktober um 19.30 Uhr tritt sie in St. Antonius mit dem Programm \u201eDialoge \u2013 per flauto e organo\u201c auf.<\/p>\n<p class=\"richtext text-em-55 !leading-serif mx-6 desktop:mx-0\"><strong class=\"font-bold dark:text-white-solid\">Modern <\/strong>Bei einem \u201eRuhepunkt\u201c treten Improvisationen von Organist Markus Hinz in einen Dialog mit dem Raum der Antoniuskirche (8. Oktober, 20 Uhr). Die argentinische Komponistin Hilda Dianda wird am 11. Oktober um 19.30 Uhr in St. Albertus Magnus mit Fl\u00f6te, Schlagzeug und Orgel vorgestellt. Auch auf eine \u201eInstallative Konzertperformance\u201c am 26. Oktober um 18.30 Uhr in St. Mari\u00e4 Himmelfahrt (Unterbach) darf man gespannt sein.<\/p>\n<p class=\"richtext text-em-55 !leading-serif mx-6 desktop:mx-0\"><strong class=\"font-bold dark:text-white-solid\">Jazz <\/strong>Jazzliebhaber kommen auf ihre Kosten, wenn am 10. Oktober ab 19.30 Uhr die Orgel der Petruskirche zusammen mit der Big Band der Hochschule D\u00fcsseldorf swingt. Ido-Stammg\u00e4ste sind Sebastian Gahler, der sein \u201eElectric Project\u201c am 7. Oktober um 19.30 Uhr im Maxhaus vorstellt, sowie das Gero-K\u00f6rner-Trio (14. Oktober, 19.30 Uhr, auch im Maxhaus).<\/p>\n<p class=\"richtext text-em-55 !leading-serif mx-6 desktop:mx-0\"><strong class=\"font-bold dark:text-white-solid\">Cross <\/strong>Nicht fehlen darf der Dauerbrenner Wadokyo mit japanischen Trommeln und Hans-Andr\u00e9 Stamm an der Orgel. Termin: 11. Oktober, 19.30 Uhr in der Johanneskirche.<\/p>\n<p class=\"richtext text-em-55 !leading-serif mx-6 desktop:mx-0\">Ein Jubil\u00e4umskonzert gibt es am 4. Oktober um 19.30 Uhr, ebenfalls in der Johanneskirche. \u201eMein Name ist Mensch\u201c verspricht ein Zusammenwirken von Orgel, Chor, Instrumentalensemble und Schauspielern.<\/p>\n<p class=\"richtext text-em-55 !leading-serif mx-6 desktop:mx-0\"><strong class=\"font-bold dark:text-white-solid\">Family <\/strong>Familienkonzerte rahmen das Gesamtprogramm ein. Bereits am 26. September ist Saint-Sa\u00ebns\u2019 \u201eKarneval der Tiere\u201c um 18.30 Uhr in der Kirche Heilige Dreifaltigkeit in Derendorf zu h\u00f6ren. Eine besondere Veranstaltung f\u00fcr alle verspricht das \u201eFamilienkonzert f\u00fcr Menschen mit und ohne Demenz\u201c am 31. Januar 2026 um 15 Uhr in der Petruskirche zu werden.<\/p>\n","protected":false},"excerpt":{"rendered":"2006 organisierte der Orgelbegeisterte Herbert H. Ludwig in D\u00fcsseldorf das erste Internationale D\u00fcsseldorfer Orgelfestival, kurz: Ido, gewiss in&hellip;\n","protected":false},"author":2,"featured_media":430093,"comment_status":"","ping_status":"","sticky":false,"template":"","format":"standard","meta":{"footnotes":""},"categories":[1831],"tags":[3274,97341,63016,6654,3364,29,3405,112434,77873,30,112428,112426,27922,1310,810,1209,46592,112429,112431,63406,51595,112430,112427,7789,10891,112432,112433,9717,108268],"class_list":{"0":"post-430092","1":"post","2":"type-post","3":"status-publish","4":"format-standard","5":"has-post-thumbnail","7":"category-duesseldorf","8":"tag-kirche","9":"tag-18-30","10":"tag-19-30","11":"tag-begeistert","12":"tag-de","13":"tag-deutschland","14":"tag-duesseldorf","15":"tag-exkurs","16":"tag-familienkonzert","17":"tag-germany","18":"tag-gesamtprogramm","19":"tag-ido","20":"tag-kinoorgel","21":"tag-konzert","22":"tag-musik","23":"tag-nordrhein-westfalen","24":"tag-orgel","25":"tag-orgelbegeisterte","26":"tag-orgelexkursion","27":"tag-orgelfestival","28":"tag-orgelmusik","29":"tag-orgelstadt","30":"tag-petruskirche","31":"tag-programm","32":"tag-salvatorkirche","33":"tag-tersteegenkirche","34":"tag-truhenorgel","35":"tag-uhr","36":"tag-verspricht"},"share_on_mastodon":{"url":"https:\/\/pubeurope.com\/@de\/115220526254058883","error":""},"_links":{"self":[{"href":"https:\/\/www.europesays.com\/de\/wp-json\/wp\/v2\/posts\/430092","targetHints":{"allow":["GET"]}}],"collection":[{"href":"https:\/\/www.europesays.com\/de\/wp-json\/wp\/v2\/posts"}],"about":[{"href":"https:\/\/www.europesays.com\/de\/wp-json\/wp\/v2\/types\/post"}],"author":[{"embeddable":true,"href":"https:\/\/www.europesays.com\/de\/wp-json\/wp\/v2\/users\/2"}],"replies":[{"embeddable":true,"href":"https:\/\/www.europesays.com\/de\/wp-json\/wp\/v2\/comments?post=430092"}],"version-history":[{"count":0,"href":"https:\/\/www.europesays.com\/de\/wp-json\/wp\/v2\/posts\/430092\/revisions"}],"wp:featuredmedia":[{"embeddable":true,"href":"https:\/\/www.europesays.com\/de\/wp-json\/wp\/v2\/media\/430093"}],"wp:attachment":[{"href":"https:\/\/www.europesays.com\/de\/wp-json\/wp\/v2\/media?parent=430092"}],"wp:term":[{"taxonomy":"category","embeddable":true,"href":"https:\/\/www.europesays.com\/de\/wp-json\/wp\/v2\/categories?post=430092"},{"taxonomy":"post_tag","embeddable":true,"href":"https:\/\/www.europesays.com\/de\/wp-json\/wp\/v2\/tags?post=430092"}],"curies":[{"name":"wp","href":"https:\/\/api.w.org\/{rel}","templated":true}]}}