{"id":430493,"date":"2025-09-17T19:58:16","date_gmt":"2025-09-17T19:58:16","guid":{"rendered":"https:\/\/www.europesays.com\/de\/430493\/"},"modified":"2025-09-17T19:58:16","modified_gmt":"2025-09-17T19:58:16","slug":"ai-weiwei-in-der-ukraine-das-aergernis","status":"publish","type":"post","link":"https:\/\/www.europesays.com\/de\/430493\/","title":{"rendered":"Ai Weiwei in der Ukraine: Das \u00c4rgernis"},"content":{"rendered":"<p class=\"paragraph\">Der Anblick von milit\u00e4rischer Tarnkleidung l\u00f6st in der <a class=\"rtr-entity\" href=\"https:\/\/www.zeit.de\/thema\/krieg-in-ukraine\" rel=\"nofollow noopener\" target=\"_blank\">Ukraine<\/a> \u2013 das muss man kurz verstehen \u2013 auch <a href=\"https:\/\/www.zeit.de\/2025\/09\/ukrainekrieg-donald-trump-absichten-soziologie-anton-hruschezkyj\" class=\"\" target=\"_blank\" rel=\"nofollow noopener\">im vierten Kriegsjahr<\/a> ein Gef\u00fchl von Dankbarkeit und Vertrauen aus. Menschen empfinden Sehnsucht nach ihren Liebsten, wenn sie Tarnkleidung sehen, und immer \u00f6fter auch Schmerz.\n<\/p>\n<p class=\"paragraph\">Eine Million M\u00e4nner und Frauen tragen hier das vorwiegend beige-olivgr\u00fcne Pixelmuster der Armee, das dazu dient, ihr Leben zu sch\u00fctzen. Mal angenommen, jemand w\u00fcrde ihre Uniformen wei\u00df bemalen \u2013 die Wahrscheinlichkeit, dass eine Drohne sie entdecken w\u00fcrde, w\u00e4re um einiges gr\u00f6\u00dfer. Und jetzt kommt <a class=\"rtr-entity\" href=\"https:\/\/www.zeit.de\/thema\/ai-weiwei\" rel=\"nofollow noopener\" target=\"_blank\">Ai Weiwei<\/a> nach Kyjiw, dieser Weltklasse-K\u00fcnstler, der in der Vergangenheit so oft Autokratien und das Recht des St\u00e4rkeren kritisiert hat, und macht ebendas: bestreicht Uniformen mit heller Farbe und formt daraus ein gro\u00dfes Kunstwerk.<\/p>\n","protected":false},"excerpt":{"rendered":"Der Anblick von milit\u00e4rischer Tarnkleidung l\u00f6st in der Ukraine \u2013 das muss man kurz verstehen \u2013 auch im&hellip;\n","protected":false},"author":2,"featured_media":430494,"comment_status":"","ping_status":"","sticky":false,"template":"","format":"standard","meta":{"footnotes":""},"categories":[4012],"tags":[112511,112510,331,332,15578,13,1435,80,2075,1437,14,15,307,12,317],"class_list":{"0":"post-430493","1":"post","2":"type-post","3":"status-publish","4":"format-standard","5":"has-post-thumbnail","7":"category-ukraine","8":"tag-ai-weiwei","9":"tag-ai-weiwei-in-der-ukraine","10":"tag-aktuelle-nachrichten","11":"tag-aktuelle-news","12":"tag-frieden","13":"tag-headlines","14":"tag-krieg-in-der-ukraine","15":"tag-kultur","16":"tag-kunst","17":"tag-kyjiw","18":"tag-nachrichten","19":"tag-news","20":"tag-russland","21":"tag-schlagzeilen","22":"tag-ukraine"},"share_on_mastodon":{"url":"https:\/\/pubeurope.com\/@de\/115221410909108777","error":""},"_links":{"self":[{"href":"https:\/\/www.europesays.com\/de\/wp-json\/wp\/v2\/posts\/430493","targetHints":{"allow":["GET"]}}],"collection":[{"href":"https:\/\/www.europesays.com\/de\/wp-json\/wp\/v2\/posts"}],"about":[{"href":"https:\/\/www.europesays.com\/de\/wp-json\/wp\/v2\/types\/post"}],"author":[{"embeddable":true,"href":"https:\/\/www.europesays.com\/de\/wp-json\/wp\/v2\/users\/2"}],"replies":[{"embeddable":true,"href":"https:\/\/www.europesays.com\/de\/wp-json\/wp\/v2\/comments?post=430493"}],"version-history":[{"count":0,"href":"https:\/\/www.europesays.com\/de\/wp-json\/wp\/v2\/posts\/430493\/revisions"}],"wp:featuredmedia":[{"embeddable":true,"href":"https:\/\/www.europesays.com\/de\/wp-json\/wp\/v2\/media\/430494"}],"wp:attachment":[{"href":"https:\/\/www.europesays.com\/de\/wp-json\/wp\/v2\/media?parent=430493"}],"wp:term":[{"taxonomy":"category","embeddable":true,"href":"https:\/\/www.europesays.com\/de\/wp-json\/wp\/v2\/categories?post=430493"},{"taxonomy":"post_tag","embeddable":true,"href":"https:\/\/www.europesays.com\/de\/wp-json\/wp\/v2\/tags?post=430493"}],"curies":[{"name":"wp","href":"https:\/\/api.w.org\/{rel}","templated":true}]}}