{"id":430881,"date":"2025-09-17T23:38:13","date_gmt":"2025-09-17T23:38:13","guid":{"rendered":"https:\/\/www.europesays.com\/de\/430881\/"},"modified":"2025-09-17T23:38:13","modified_gmt":"2025-09-17T23:38:13","slug":"geruecht-apple-bringt-ende-2026-ein-macbook-pro-mit-touchbedienung","status":"publish","type":"post","link":"https:\/\/www.europesays.com\/de\/430881\/","title":{"rendered":"Ger\u00fccht: Apple bringt Ende 2026 ein MacBook Pro mit Touchbedienung"},"content":{"rendered":"<p>    close notice<\/p>\n<p class=\"notice-banner__text a-u-mb-0\">\n      This article is also available in<br \/>\n        <a href=\"https:\/\/www.heise.de\/en\/news\/MacBook-with-Touch-analyst-expects-it-by-the-end-of-2026-10660705.html\" class=\"notice-banner__link a-u-inline-link\" rel=\"nofollow noopener\" target=\"_blank\">English<\/a>.<\/p>\n<p>      It was translated with technical assistance and editorially reviewed before publication.\n    <\/p>\n<p class=\"notice-banner__link a-u-mb-0\">\n    Don\u2019t show this again.\n<\/p>\n<p>K\u00fcnftige MacBook-Modelle sollen erstmals einen Touchscreen bekommen. Das behauptet der Analyst Ming-Chi Kuo, der seine Quellen in der Zulieferkette von Apple in Asien hat. Als erstes Ger\u00e4t soll nach seinen Angaben ein MacBook Pro mit OLED-Display die M\u00f6glichkeit zur Bedienung mit dem Finger erhalten, das Apple  Ende 2026 ver\u00f6ffentlichen wolle.<\/p>\n<p><a href=\"https:\/\/www.heise.de\/news\/macOS-Erneut-Spekulationen-ueber-Touchscreen-Faehigkeit-10320088.html\" rel=\"nofollow noopener\" target=\"_blank\">Spekulationen<\/a> \u00fcber eine Touchbedienung f\u00fcr das MacBook <a href=\"https:\/\/www.heise.de\/news\/Bericht-Apple-arbeitet-an-MacBooks-mit-Touchscreen-fuer-2025-7456352.html\" rel=\"nofollow noopener\" target=\"_blank\">reichen bis in das Jahr 2023 zur\u00fcck<\/a>. Schon damals wurde die Verbindung zur Einf\u00fchrung von OLED hergestellt. Die Diskussionen, ob das eine sinnvolle oder n\u00f6tige Erweiterung ist, reichen sogar noch l\u00e4nger zur\u00fcck. Im Jahr 2016 hatte Apple die Touch Bar eingef\u00fchrt, ein Zusatzdisplay \u00fcber der Tastatur, das zumindest anstelle der Funktionstasten per Software erzeugte Kontrollen erm\u00f6glichte. <a href=\"https:\/\/www.heise.de\/news\/Sieben-Jahre-mit-der-Touch-Bar-Warum-Apples-OLED-Leiste-kein-Erfolg-war-9350025.html\" rel=\"nofollow noopener\" target=\"_blank\">Das Konzept stie\u00df aber nicht auf gro\u00dfe Gegenliebe und wurde schlie\u00dflich eingestellt<\/a>.<\/p>\n<p>Ann\u00e4herung zwischen Mac und iPad <\/p>\n<p>Der Optimismus der Beobachter, die trotzdem einen Touchscreen erwarten, gr\u00fcndet vor allem auf den Entwicklungen in der Software. Mac und iPad haben sich in den vergangenen Jahren immer st\u00e4rker einander angen\u00e4hert. Aktuell ist mit iPadOS 26 eine fortschrittlichere Fensterverwaltung eingef\u00fchrt worden. Auch die Mac-Men\u00fcleiste h\u00e4lt auf dem Tablet Einzug und der zun\u00e4chst einer Touchfl\u00e4che \u00e4hnelnde Mauszeiger wurde durch eine klassische, dem Mac entsprechende Grafik ersetzt.<\/p>\n<p>Kuo vermutet, dass die Grenze zum iPad weiter verschwimmt. Apples Beobachtungen des iPad-Nutzerverhaltens h\u00e4tten gezeigt, dass Touch-Bedienelemente in bestimmten Szenarien sowohl die Produktivit\u00e4t als auch das gesamte Nutzererlebnis verbessern k\u00f6nnten. Allerdings gibt auch Kritiker einer solchen Idee. Sie f\u00fcrchten, dass die Bedienung sehr unergonomisch werden k\u00f6nnte. <\/p>\n<p>G\u00fcnstiges MacBook zun\u00e4chst ohne Touch<\/p>\n<p><a href=\"https:\/\/x.com\/mingchikuo\/status\/1968249865940709538\" rel=\"external noopener nofollow\" target=\"_blank\">In seinem X-Post<\/a> geht Kuo auch auf das angeblich geplante g\u00fcnstigere MacBook ein, das mit einem iPhone-Prozessor betrieben werden soll. Dieses Ger\u00e4t werde noch in diesem Jahr in die Massenproduktion gehen, schreibt er. Ein Touch-Panel soll es allerdings nicht erhalten. Apples mittelfristige Planung sehe jedoch vor, dass die zweite Generation mit Touch-Unterst\u00fctzung ausgestattet sein k\u00f6nnte. Zumindest sei dies im Gespr\u00e4ch. Mit dieser wird aber erst im Jahr 2027 gerechnet.<\/p>\n<p>(<a class=\"redakteurskuerzel__link\" href=\"https:\/\/www.heise.de\/news\/mailto:mki@heise.de\" title=\"Malte Kirchner\" rel=\"nofollow noopener\" target=\"_blank\">mki<\/a>)<\/p>\n<p>\n      Dieser Link ist leider nicht mehr g\u00fcltig.\n    <\/p>\n<p>Links zu verschenkten Artikeln werden ung\u00fcltig,<br \/>\n      wenn diese \u00e4lter als 7\u00a0Tage sind oder zu oft aufgerufen wurden.\n    <\/p>\n<p><strong>Sie ben\u00f6tigen ein heise+ Paket, um diesen Artikel zu lesen. Jetzt eine Woche unverbindlich testen \u2013 ohne Verpflichtung!<\/strong><\/p>\n","protected":false},"excerpt":{"rendered":"close notice This article is also available in English. It was translated with technical assistance and editorially reviewed&hellip;\n","protected":false},"author":2,"featured_media":430882,"comment_status":"","ping_status":"","sticky":false,"template":"","format":"standard","meta":{"footnotes":""},"categories":[135],"tags":[231,29,30,196,76838,78961,491,190,189,194,191,34481,193,192],"class_list":{"0":"post-430881","1":"post","2":"type-post","3":"status-publish","4":"format-standard","5":"has-post-thumbnail","7":"category-wissenschaft-technik","8":"tag-apple","9":"tag-deutschland","10":"tag-germany","11":"tag-it","12":"tag-macbook","13":"tag-macbook-pro","14":"tag-oled","15":"tag-science","16":"tag-science-technology","17":"tag-technik","18":"tag-technology","19":"tag-touchscreen","20":"tag-wissenschaft","21":"tag-wissenschaft-technik"},"share_on_mastodon":{"url":"https:\/\/pubeurope.com\/@de\/115222276401858358","error":""},"_links":{"self":[{"href":"https:\/\/www.europesays.com\/de\/wp-json\/wp\/v2\/posts\/430881","targetHints":{"allow":["GET"]}}],"collection":[{"href":"https:\/\/www.europesays.com\/de\/wp-json\/wp\/v2\/posts"}],"about":[{"href":"https:\/\/www.europesays.com\/de\/wp-json\/wp\/v2\/types\/post"}],"author":[{"embeddable":true,"href":"https:\/\/www.europesays.com\/de\/wp-json\/wp\/v2\/users\/2"}],"replies":[{"embeddable":true,"href":"https:\/\/www.europesays.com\/de\/wp-json\/wp\/v2\/comments?post=430881"}],"version-history":[{"count":0,"href":"https:\/\/www.europesays.com\/de\/wp-json\/wp\/v2\/posts\/430881\/revisions"}],"wp:featuredmedia":[{"embeddable":true,"href":"https:\/\/www.europesays.com\/de\/wp-json\/wp\/v2\/media\/430882"}],"wp:attachment":[{"href":"https:\/\/www.europesays.com\/de\/wp-json\/wp\/v2\/media?parent=430881"}],"wp:term":[{"taxonomy":"category","embeddable":true,"href":"https:\/\/www.europesays.com\/de\/wp-json\/wp\/v2\/categories?post=430881"},{"taxonomy":"post_tag","embeddable":true,"href":"https:\/\/www.europesays.com\/de\/wp-json\/wp\/v2\/tags?post=430881"}],"curies":[{"name":"wp","href":"https:\/\/api.w.org\/{rel}","templated":true}]}}