{"id":430953,"date":"2025-09-18T00:19:22","date_gmt":"2025-09-18T00:19:22","guid":{"rendered":"https:\/\/www.europesays.com\/de\/430953\/"},"modified":"2025-09-18T00:19:22","modified_gmt":"2025-09-18T00:19:22","slug":"stadt-sucht-kuenstler-fuer-hesperidengaerten-preisgeld-winkt","status":"publish","type":"post","link":"https:\/\/www.europesays.com\/de\/430953\/","title":{"rendered":"Stadt sucht K\u00fcnstler f\u00fcr Hesperideng\u00e4rten \u2013 Preisgeld winkt"},"content":{"rendered":"<p>Kunst in Hesperideng\u00e4rten <\/p>\n<p>K\u00fcnstler gesucht: N\u00fcrnberg will Park versch\u00f6nern<\/p>\n<p>17.09.2025 &#8211; 16:13 UhrLesedauer: 1 Min.<\/p>\n<p><a href=\"#focus-0\" class=\"transition-colors duration-200 block text-current relative\" data-sctrack=\"FocusGalleryImage.Reference\"><img fetchpriority=\"high\" data-testid=\"Opener.Image\" style=\"--lqipURL:url('https:\/\/images.t-online.de\/2025\/09\/v3oE-i4fjySV\/0x206:4000x2250\/fit-in\/150x0\/filters:blur(25)\/hesperidengarten-nuernberg-bayern-deutschland.jpg')\"   loading=\"eager\" src=\"https:\/\/www.europesays.com\/de\/wp-content\/uploads\/2025\/09\/hesperidengarten-nuernberg-bayern-deutschland.jpg\" alt=\"Die Hesperideng\u00e4rten in N\u00fcrnberg: Die kleine Parkanlage liegt etwas versteckt in St. Johannis.\" title=\"Die Hesperideng\u00e4rten in N\u00fcrnberg: Die kleine Parkanlage liegt etwas versteckt in St. Johannis.\" width=\"4000\" height=\"2250\" class=\"bg-[url:var(--lqipURL)] bg-cover bg-center flex h-full w-full max-w-full\" decoding=\"async\"\/><img style=\"--width:32;--height:32\" loading=\"lazy\" src=\"https:\/\/www.t-online.de\/s\/paper\/_next\/static\/media\/zoom-in.f7dae02f.svg\" alt=\"Vergr\u00f6\u00dfern des Bildes\" title=\"Vergr\u00f6\u00dfern des Bildes\" class=\"block h-[calc(var(--height)_\/_16_*_1rem)] w-[calc(var(--width)_\/_16_*_1rem)] max-w-none absolute bottom-8 right-8 rounded-4 bg-snow p-8\" decoding=\"async\"\/><\/a><\/p>\n<p>Die Hesperideng\u00e4rten in N\u00fcrnberg: Die kleine Parkanlage liegt etwas versteckt in St. Johannis. (Quelle: imago stock&amp;people\/imago)<\/p>\n<p class=\"font-bold text-18 leading-17\">2026 soll der neue Hesperidengarten in St. Johannis er\u00f6ffnet werden. Jetzt wendet sich die Stadt mit einem Wettbewerb an die \u00d6ffenlichkeit.<\/p>\n<p class=\"text-18 leading-17\">Die Hesperideng\u00e4rten im Stadtteil St. Johannis werden erweitert. Auch den neuen Teil sollen Kunstwerke schm\u00fccken. Die Stadt <a class=\"transition-colors duration-200 cursor-pointer text-inherit no-underline text-salemsfur md:hover:text-magenta md:hover:border-magenta md:focus:text-magenta border-current border-b border-solid break-words\" href=\"https:\/\/www.t-online.de\/region\/nuernberg\/\" data-sctrack=\"BodyAnchor\" target=\"_blank\" rel=\"noopener\">N\u00fcrnberg<\/a> hat deshalb einen Kunstwettbewerb ausgeschrieben. K\u00fcnstler k\u00f6nnen ihr Interesse an einer Teilnahme laut Mitteilung bis Mittwoch, 1. Oktober 2025, bekunden. F\u00fcr die Bewerbung m\u00fcssen sie einen Lebenslauf, ein Ausstellungsverzeichnis, einen Text zur k\u00fcnstlerischen Position sowie drei Referenzen einreichen.<\/p>\n<p class=\"text-18 leading-17\">Eine Jury w\u00e4hlt aus den Einsendungen f\u00fcnf Kunstschaffende aus, die konkrete Entw\u00fcrfe ausarbeiten d\u00fcrfen. F\u00fcr diese Entw\u00fcrfe erhalten die Teilnehmer ein Honorar von 1.500 Euro. Aus den Einsendungen w\u00e4hlt die Jury dann erneut einen Sieger. Das Budget f\u00fcr beide Kunstwerke betr\u00e4gt insgesamt 80.000 Euro.<\/p>\n<p class=\"text-18 leading-17\">Die Hesperideng\u00e4rten liegen etwas versteckt auf den R\u00fcckseiten der H\u00e4user in der Johannisstra\u00dfe 43 bis 47. Bei der kleinen Parkanlage handelt es sich um zusammengelegte Barockg\u00e4rten. Sie sind immer zwischen 1. April und 30. Oktober frei zug\u00e4nglich. Der neue Garten liegt direkt neben den bestehenden. Er soll 2026 er\u00f6ffnet werden.<\/p>\n","protected":false},"excerpt":{"rendered":"Kunst in Hesperideng\u00e4rten K\u00fcnstler gesucht: N\u00fcrnberg will Park versch\u00f6nern 17.09.2025 &#8211; 16:13 UhrLesedauer: 1 Min. Die Hesperideng\u00e4rten in&hellip;\n","protected":false},"author":2,"featured_media":430954,"comment_status":"","ping_status":"","sticky":false,"template":"","format":"standard","meta":{"footnotes":""},"categories":[1837],"tags":[522,772,3364,29,30,112594,3783,8825,31149],"class_list":{"0":"post-430953","1":"post","2":"type-post","3":"status-publish","4":"format-standard","5":"has-post-thumbnail","7":"category-nuernberg","8":"tag-522","9":"tag-bayern","10":"tag-de","11":"tag-deutschland","12":"tag-germany","13":"tag-hesperidengaerten","14":"tag-nuernberg","15":"tag-parkanlage","16":"tag-st-johannis"},"share_on_mastodon":{"url":"https:\/\/pubeurope.com\/@de\/115222437324931208","error":""},"_links":{"self":[{"href":"https:\/\/www.europesays.com\/de\/wp-json\/wp\/v2\/posts\/430953","targetHints":{"allow":["GET"]}}],"collection":[{"href":"https:\/\/www.europesays.com\/de\/wp-json\/wp\/v2\/posts"}],"about":[{"href":"https:\/\/www.europesays.com\/de\/wp-json\/wp\/v2\/types\/post"}],"author":[{"embeddable":true,"href":"https:\/\/www.europesays.com\/de\/wp-json\/wp\/v2\/users\/2"}],"replies":[{"embeddable":true,"href":"https:\/\/www.europesays.com\/de\/wp-json\/wp\/v2\/comments?post=430953"}],"version-history":[{"count":0,"href":"https:\/\/www.europesays.com\/de\/wp-json\/wp\/v2\/posts\/430953\/revisions"}],"wp:featuredmedia":[{"embeddable":true,"href":"https:\/\/www.europesays.com\/de\/wp-json\/wp\/v2\/media\/430954"}],"wp:attachment":[{"href":"https:\/\/www.europesays.com\/de\/wp-json\/wp\/v2\/media?parent=430953"}],"wp:term":[{"taxonomy":"category","embeddable":true,"href":"https:\/\/www.europesays.com\/de\/wp-json\/wp\/v2\/categories?post=430953"},{"taxonomy":"post_tag","embeddable":true,"href":"https:\/\/www.europesays.com\/de\/wp-json\/wp\/v2\/tags?post=430953"}],"curies":[{"name":"wp","href":"https:\/\/api.w.org\/{rel}","templated":true}]}}