{"id":431062,"date":"2025-09-18T01:19:11","date_gmt":"2025-09-18T01:19:11","guid":{"rendered":"https:\/\/www.europesays.com\/de\/431062\/"},"modified":"2025-09-18T01:19:11","modified_gmt":"2025-09-18T01:19:11","slug":"erschuetterung-in-bielefeld-sexueller-missbrauch-unter-den-augen-der-kirche","status":"publish","type":"post","link":"https:\/\/www.europesays.com\/de\/431062\/","title":{"rendered":"Ersch\u00fctterung in Bielefeld: Sexueller Missbrauch unter den Augen der Kirche"},"content":{"rendered":"<p id=\"absatz1\" class=\"em_text\">Bielefeld. Naturerleben, K\u00f6rperlichkeit und Kirche \u2013 dieser sehr fortschrittliche Ansatz in der kirchlichen Jugendarbeit in der Bielefelder Dietrich-Bonhoeffer-Gemeinde hatte eine besondere Strahlkraft \u00fcber die Grenzen der Stadt hinaus. Aber die strahlende Fassade der Gemeinde verbarg tiefe Abgr\u00fcnde.<\/p>\n<p id=\"absatz2\" class=\"em_text\">Der damals verantwortliche Jugenddiakon hatte im Alter von 28 Jahren und aufw\u00e4rts ganz neue Wege in der Arbeit mit den Jugendlichen beschritten und war bei ihnen f\u00fcr seinen lockeren Umgang angesehen. Viele der jungen Leute sahen in ihm ein Vorbild, die Eltern lobten seine Konzepte. Doch sein Ansehen ging pl\u00f6tzlich in die Br\u00fcche, als einzelne Jugendliche im Sommer 2021 seine Arbeit als Teil einer lang angelegten Masche offenlegten. Pl\u00f6tzlich war von sexuellem Missbrauch die Rede.<\/p>\n<p id=\"absatz4\">In der neuen Folge von \u201eOstwestF\u00e4lle\u201c, dem True-Crime-Podcast der \u201eNeuen Westf\u00e4lischen\u201c, spricht Moderatorin Birgitt Gottwald mit NW-Redakteur Jens Reichenbach \u00fcber den jahrelangen Missbrauch von Jugendlichen in der Dietrich-Bonhoeffer-Gemeinde in Bielefeld.<\/p>\n<p>\n        \u00d7\n    <\/p>\n<p>\n            Sie erhalten in wenigen Minuten eine E-Mail zur Best\u00e4tigung Ihrer Anmeldung.\n        <\/p>\n<p>Erst danach ist diese abgeschlossen.<\/p>\n<p>Bitte pr\u00fcfen Sie auch den Spam-Ordner.<\/p>\n<p>\n        \u00d7\n    <\/p>\n<p>\n            Sie haben bisher Ihre E-Mail-Adresse noch nicht best\u00e4tigt.\n        <\/p>\n<p>Erst danach ist diese abgeschlossen.<\/p>\n<p>Bitte pr\u00fcfen Sie auch den Spam-Ordner.<\/p>\n<p>\n        \u00d7\n    <\/p>\n<p>\n            Es ist einen Fehler aufgetreten\n        <\/p>\n<p>Bei Fragen hilft unser Newsletter-Support<\/p>\n<p> Newsletter<\/p>\n<p> OstwestF\u00e4lle<\/p>\n<p>W\u00f6chentlich spannende Einblicke in True Crime F\u00e4lle aus OWL.<\/p>\n<p>                Jetzt anmelden<\/p>\n<p id=\"absatz5\" class=\"em_text\">\n<p>Sexueller Missbrauch in der Dietrich-Bonhoeffer-Gemeinde in Bielefeld \u2013 der Fall im \u00dcberblick:<\/p>\n<ul>\n<li>Der damalige Jungdiakon wird im Sommer 2021 von einem seiner fr\u00fcheren Opfer angezeigt.<\/li>\n<li>Zwischen den Jahren 2005 bis 2011 sollen die Missbrauchsf\u00e4lle stattgefunden haben.<\/li>\n<li>Die Kirchenverantwortlichen haben von den F\u00e4llen nichts gewusst und den Jungdiakon fristlos gek\u00fcndigt.<\/li>\n<li>Es hat damals mit ausgew\u00e4hlten Jugendgruppen in einem \u201eInner Circle\u201c gegenseitige Massagen, gemeinsame Saunag\u00e4nge und Nackttreffen gegeben.<\/li>\n<li>Am Ende des Prozesses gesteht der Jugenddiakon den jahrelangen Missbrauch in der Hoffnung, dadurch eine Haftstrafe zu umgehen.<\/li>\n<li>Das Gericht verurteilt den Ex-Mitarbeiter des Evangelischen Kirchenkreises zu einem Jahr und elf Monaten Haft auf Bew\u00e4hrung und einer Geldauflage von 6.000 Euro.<\/li>\n<\/ul>\n<p>Missbrauchsf\u00e4lle in der Bielefelder Gemeinde fielen erst im Sommer 2021 auf<\/p>\n<p class=\"em_text\">Im Sommer 2021 zeigte einer der Jugendlichen von damals (es geht um die Jahre 2005 bis 2011) den Jugenddiakon an. Er schilderte Kirchenverantwortlichen, dass er erst als Erwachsener in einem Fortbildungsseminar zum Thema \u201esexualisierte Gewalt\u201c endg\u00fcltig bemerkt habe, dass er damals Opfer eines Verbrechens geworden war. Die Kirche nahm die Schilderung dieses \u201eEhemaligen\u201c sehr ernst, erstattete Anzeige bei der Polizei, k\u00fcndigte schon kurz nach den ersten Befragungen dem Mitarbeiter fristlos und informierte die \u00d6ffentlichkeit. Verantwortliche des evangelischen Kirchenkreises sprachen von einem \u201eSchock\u201c und der Sorge, dass von Verantwortlichen Warnhinweise \u00fcbersehen worden sein k\u00f6nnten.<\/p>\n<p id=\"absatz7\" class=\"em_text\">Die Staatsanwaltschaft sprach damals vom Verdacht des \u201esexuellen Missbrauchs von Schutzbefohlenen\u201c, nahm die Ermittlungen auf und lie\u00df die Wohnung des Bielefelders durchsuchen. Doch danach passierte zun\u00e4chst wenig \u2013 zumindest in der \u00f6ffentlichen Wahrnehmung. Erst eineinhalb Jahre sp\u00e4ter \u2013 im Januar 2023 \u2013 wird der Fall wieder \u00f6ffentlich. Es haben sich inzwischen weitere Betroffene zu Wort gemeldet. Doch weder die Kirche noch die Ermittlungsbeh\u00f6rden melden sich zu Wort.<\/p>\n<p>Offener Brief der Betroffenen zwingt Bielefelder Kirche zum Handeln<\/p>\n<p id=\"absatz8\" class=\"em_text\">Erst ein offener Brief von mehreren Betroffenen l\u00f6st im Januar 2023 die n\u00e4chste Debatte \u00fcber die Nackttreffen in der evangelischen Jugendarbeit aus. Die Betroffenen werfen der Kirche vor, eine Jugendarbeit unterst\u00fctzt und genehmigt zu haben, die sexuelle \u00dcbergriffe gef\u00f6rdert habe. Bei der \u00fcblichen Jugendarbeit und auf Jugendfreizeiten ist von gegenseitigen Massagen, gemeinsamen Saunag\u00e4ngen im eigens ausgebauten Saunawagen und Nackttreffen die Rede. Was offiziell das Ziel \u201eK\u00f6rperlichkeit annehmen und erleben\u201c zum Ziel hatte, f\u00fchrte bei privateren Gelegenheiten zu mehreren Grenz\u00fcberschreitungen. Eines der Opfer sprach davon, v\u00f6llig \u00fcberrumpelt gewesen zu sein, als der Jugenddiakon die m\u00e4nnlichen Jugendlichen an den Genitalien anfasste.<\/p>\n<p id=\"absatz9\"><b class=\"ui-provider a b c d e f g h i j k l m n o p q r s t u v w x y z ab ac ae af ag ah ai aj ak ui-provider a b c d e f g h i j k l m n o p q r s t u v w x y z ab ac ae af ag ah ai aj ak bold\">News direkt aufs Smartphone:<\/b><b class=\"ui-provider a b c d e f g h i j k l m n o p q r s t u v w x y z ab ac ae af ag ah ai aj ak ui-provider a b c d e f g h i j k l m n o p q r s t u v w x y z ab ac ae af ag ah ai aj ak bold\"> <\/b><a href=\"https:\/\/whatsapp.com\/channel\/0029VaeYHJ40Qeam4DWyn109\" rel=\"nofollow noopener\" target=\"_blank\">Hier finden Sie den Whatsapp-Kanal der NW Bielefeld<\/a><\/p>\n<p id=\"absatz10\" class=\"em_text\">Die Staatsanwaltschaft spricht sp\u00e4ter von privaten Treffen in einem \u201eInner Circle\u201c. Dieser besonderen, vom Jugendbetreuer bestimmten Gruppe geh\u00f6rten nur ausgesuchte m\u00e4nnliche Teenager an, die anderen blieben au\u00dfen vor. Und genau in diesem Kreis ging es dann mehr als sonst um Sexualit\u00e4t, verbal, aber auch k\u00f6rperlich ging es dabei zur Sache.<\/p>\n<p id=\"absatz11\" class=\"em_text\">Durch den Druck, den der offene Brief auf die Kirchenkreis-Verantwortlichen aus\u00fcbt, geht Superintendent Christian Bald an die \u00d6ffentlichkeit. Er entschuldigt sich, weil \u201enicht genau hingeschaut wurde\u201c und der p\u00e4dagogische Ansatz einer \u201eoffenen Form der Jugendarbeit offensichtlich vom T\u00e4ter ausgenutzt\u201c wurde. Obwohl die Kirchenleitung eigentlich das Ermittlungsergebnis der Staatsanwaltschaft abwarten wollte, l\u00e4dt sie Anfang 2023 zu einem Info-Abend zu den Vorkommnissen in der Gemeinde ein.<\/p>\n<p>Streit um einen Saunawagen f\u00fcr die kirchliche Jugendarbeit in Bielefeld<\/p>\n<p id=\"absatz12\" class=\"em_text\">Mehr als 90 Teilnehmer stellen zahlreiche Fragen. Erstmals wird \u00f6ffentlich, dass es in manchen Kirchengremien durchaus Gegner des Saunakonzepts rund um die gelebte Nacktheit mit Erwachsenen und Jugendlichen gab. Damals konnte sich diese Kritiker nicht durchsetzen. Heute erteilt Christian Bald der Frage nach dem Sinn eines Saunawagens innerhalb der kirchlichen Jugendarbeit eindeutig eine Absage.<\/p>\n<p id=\"absatz13\"><b class=\"bold\">Lesen Sie dazu<\/b>: <a href=\"https:\/\/www.nw.de\/lokal\/bielefeld\/mitte\/23457971_Verstoerende-Details-Bielefelder-Kirchenkreis-fuer-nackte-Jugendarbeit-in-der-Kritik-v1.html\" rel=\"nofollow noopener\" target=\"_blank\">Verst\u00f6rende Details: Bielefelder Kirchenkreis f\u00fcr \u201enackte\u201c Jugendarbeit in der Kritik<\/a><\/p>\n<p id=\"absatz14\" class=\"em_text\">In dieser Phase kommt es zu Grabenk\u00e4mpfen innerhalb der Gemeinde. Es gibt diejenigen, die den sexuellen Missbrauch \u00f6ffentlich gemacht haben, und diejenigen, die immer noch zu dem ehemaligen Diakon stehen. In beiden F\u00e4llen sind es in erster Linie ehemalige Schutzbefohlene und deren Eltern. Erstere werden als Denunzianten und Nestbeschmutzer beschimpft, letztere als Besch\u00fctzer eines Straft\u00e4ters. \u00dcber der Gemeinde liegt \u00fcber Jahre ein dunkler Schatten, wie es ein Gemeindemitglied damals beschreibt.<\/p>\n<p>Anklage l\u00e4sst Unterst\u00fctzerfront des Bielefelders br\u00f6ckeln<\/p>\n<p id=\"absatz15\" class=\"em_text\">Dieser Krieg der beiden Lager dauert an, bis die Staatsanwaltschaft im Oktober 2024 schlie\u00dflich Anklage gegen den Diakon und Sozialp\u00e4dagogen erhebt. Die Ermittler werfen ihm \u201esexuellen Missbrauch Schutzbefohlener\u201c, \u201esexuellen Missbrauch Jugendlicher\u201c und den \u201eBesitz jugendpornografischer Bilder\u201c vor. Bei den Bildern handelt es sich tats\u00e4chlich auch um Fotos seiner Jugendlichen, die er in sexuell konnotierten Posen abgelichtet hat. Als die Anklagevorw\u00fcrfe publik werden, br\u00f6ckelt die Unterst\u00fctzerfront. Immer mehr Freunde und Verehrer des Jugenddiakons wenden sich von ihm ab.<\/p>\n<p id=\"absatz16\"><b class=\"bold\">Die Anklage<\/b>: <a href=\"https:\/\/www.nw.de\/lokal\/bielefeld\/mitte\/23971325_Nackttreffen-mit-Jugendlichen-Bielefelder-Kirchenmitarbeiter-angeklagt.html\" rel=\"nofollow noopener\" target=\"_blank\">Nackttreffen mit Jugendlichen? Bielefelder Kirchenmitarbeiter angeklagt<\/a><\/p>\n<p id=\"absatz17\" class=\"em_text\">Die Anklage findet am Ende f\u00fcnf bis acht Jugendliche, die der Angeklagte in sexueller Absicht angefasst haben soll. Bei drei Opfern im Alter von 14 bis 17 Jahren sind die Beweise und Aussagen so konkret, dass ihre Aussagen f\u00fcr die Anklage grundlegend werden. Weitere Betroffenenberichte aus den sp\u00e4teren Jahren \u2013 also nach 2011 \u2013 werden nicht mehr herangezogen. Der Superintendent sagt nun \u00fcber die Schutzmechanismen in der Gemeinde: \u201eDer T\u00e4ter hat die damaligen Strukturen des Kirchenkreises ausgenutzt.\u201c Mehr und mehr wird klar, dass sein fortschrittliches Jugendkonzept Teil eines langangelegten, kriminellen Plans war.<\/p>\n<p>Kritiker werfen Bielefelder Kirche Behinderung der Aufkl\u00e4rungsarbeit vor<\/p>\n<p id=\"absatz18\" class=\"em_text\">Die Betroffenen legen nun beim Kirchenkreis immer wieder die Finger in offene Wunden. Sie werfen der Kirche strukturelles Versagen w\u00e4hrend der Taten vor und sprechen von Behinderung bei der Aufkl\u00e4rungsarbeit nachher. Eine gemeinsam beschlossene Studie zur wissenschaftlichen Aufarbeitung der Vorf\u00e4lle wird von der Kirchenleitung kurz vor der Vertragsunterschrift gestoppt. Kirchenchef Bald glaubte, das Institut habe nicht wissenschaftlich gearbeitet und Betroffene unsensibel interviewt, und er entzieht dem Institut wieder den Auftrag.<\/p>\n<p>        <a href=\"https:\/\/www.nw.de\/_em_daten\/_cache\/image\/1xRDhlVms3Mk03Y3o2VzVYUUVVNzVjWFRHMEJaNERMUEJob1gyRTNhMHVxdm1mU3dKOUs5azAwV2dZWDcrR2pZbXRmVldxVXJ0Z1JyOC9oN29OL0tUOUxtRGtKU3BuVysyYnhsVUtXVTZHVWM9\/250917-1028-641962717.jpg\" class=\"nw-article-image\" title=\"Christian Bald, Superintendent des Kirchenkreises Bielefeld, h\u00f6rte sich das Verfahren pers\u00f6nlich im Amtsgericht an.\" data-glightbox=\"type: image; description: Christian Bald, Superintendent des Kirchenkreises Bielefeld, h\u00f6rte sich das Verfahren pers\u00f6nlich im Amtsgericht an.  | \u00a9 Andreas Zobe \" rel=\"nofollow noopener\" target=\"_blank\"><br \/>\n            <img decoding=\"async\" src=\"https:\/\/www.europesays.com\/de\/wp-content\/uploads\/2025\/09\/250917-1028-641962717.jpg\" class=\"nw-img-fluid nw-w-full nw-lazy nw-rounded-t-md\" alt=\"Christian Bald, Superintendent des Kirchenkreises Bielefeld, h\u00f6rte sich das Verfahren pers\u00f6nlich im Amtsgericht an. - \u00a9 Andreas Zobe\" data-format=\"16:9\"\/><br \/>\n        <\/a><\/p>\n<p>                Christian Bald, Superintendent des Kirchenkreises Bielefeld, h\u00f6rte sich das Verfahren pers\u00f6nlich im Amtsgericht an.<br \/>\n                                    | \u00a9 Andreas Zobe<\/p>\n<p id=\"absatz19\" class=\"em_text\">Die Betroffenen sprechen von \u201eRespektlosigkeit\u201c, weil sie \u00fcber diese Entscheidung nicht informiert wurden, und glauben, dass er gerade noch eine zu kirchenkritische Studie verhindern wollte. Denn im Nachhinein stellen sich Balds Vorw\u00fcrfe als gegenstandslos heraus. Der Superintendent entschuldigt sich auch f\u00fcr das Missverst\u00e4ndnis und seine falsche Einordnung. Im M\u00e4rz 2025 beauftragt der Kirchenkreis nun doch noch eine Studie, die nun mit der Aufarbeitung der Zeit zwischen 2000 und 2021 mit Aktenstudium und Interviews beginnen soll.<\/p>\n<p>Nach dem Gest\u00e4ndnis sagt er: \u201eStehe dazu, was ich gemacht habe.\u201c<\/p>\n<p id=\"absatz20\" class=\"em_text\">Im Juni 2025 brachte aber zun\u00e4chst noch der Prozess gegen den Jugenddiakon endlich juristische Klarheit \u00fcber die Taten des inzwischen 51-j\u00e4hrigen Bielefelders, und der Prozess vor dem Jugendsch\u00f6ffengericht ist schneller vorbei als gedacht. Strafverteidiger Carsten Ernst klopft in einem Rechtsgespr\u00e4ch die Chancen seines Mandanten ab, sollte er ein Gest\u00e4ndnis ablegen. Staatsanwaltschaft und Kammer geben ihm zu verstehen, dass der nichtvorbestrafte Mann damit einer Zeit in einer Gef\u00e4ngniszelle entgehen k\u00f6nnte. Und so verliest sein Anwalt kurz darauf ein umfassendes Gest\u00e4ndnis, in dem von Fehleinsch\u00e4tzungen und Grenz\u00fcberschreitungen die Rede ist. Weiter geht er dabei nicht ins Detail. Ganz pers\u00f6nlich sagt der 51-J\u00e4hrige: \u201eIch stehe dazu, was ich gemacht habe.\u201c<\/p>\n<p>        <a href=\"https:\/\/www.nw.de\/_em_daten\/_cache\/image\/1xay90VnNUSm5Jak04MUlHRUU3QWhsZWRkTUFmVlJVaTdBemw2c0twa3dxTkhPeSthSVFITW5QV0JPb204VUN5ZUZJYzlWc2tMTFpyL3BZRU43SUNRa3BWaWE5em50VFRIaGk3WmNjTTU5T289\/250917-1028-641962781.jpg\" class=\"nw-article-image\" title=\"Der Angeklagte legte ein Gest\u00e4ndnis ab und sagte: \u0084Ich stehe dazu, was ich gemacht habe.\u0093\" data-glightbox=\"type: image; description: Der Angeklagte legte ein Gest\u00e4ndnis ab und sagte: \u0084Ich stehe dazu, was ich gemacht habe.\u0093  | \u00a9 Andreas Zobe \" rel=\"nofollow noopener\" target=\"_blank\"><br \/>\n            <img decoding=\"async\" src=\"https:\/\/www.europesays.com\/de\/wp-content\/uploads\/2025\/09\/250917-1028-641962781.jpg\" class=\"nw-img-fluid nw-w-full nw-lazy nw-rounded-t-md\" alt=\"Der Angeklagte legte ein Gest\u00e4ndnis ab und sagte: \u0084Ich stehe dazu, was ich gemacht habe.\u0093 - \u00a9 Andreas Zobe\" data-format=\"16:9\"\/><br \/>\n        <\/a><\/p>\n<p>                Der Angeklagte legte ein Gest\u00e4ndnis ab und sagte: \u0084Ich stehe dazu, was ich gemacht habe.\u0093<br \/>\n                                    | \u00a9 Andreas Zobe<\/p>\n<p id=\"absatz21\" class=\"em_text\">Das Sch\u00f6ffengericht unter dem Vorsitz von Richter Lars Herzog verurteilt den Ex-Mitarbeiter des Evangelischen Kirchenkreises zu einem Jahr und elf Monaten Haft auf Bew\u00e4hrung. Zus\u00e4tzlich muss er 6.000 Euro als Geldauflage an eine gemeinn\u00fctzige Organisation bezahlen.<\/p>\n<p id=\"absatz22\"><b class=\"bold\">Das Urteil<\/b>: <a href=\"https:\/\/www.nw.de\/lokal\/bielefeld\/mitte\/24113201_Bielefelder-Ex-Diakon-gesteht-sexuellen-Missbrauch-erstmals-berichtet-ein-Opfer.html\" rel=\"nofollow noopener\" target=\"_blank\">Bielefelder Ex-Diakon gesteht sexuellen Missbrauch \u2013 erstmals berichtet ein Opfer<\/a><\/p>\n<p id=\"absatz23\" class=\"em_text\">Zwei seiner Opfer bestehen darauf, noch ihre Aussage zu machen, auch wenn es angesichts des Gest\u00e4ndnisses nicht mehr notwendig sei. Er sei damals v\u00f6llig \u00fcberrumpelt und konsterniert gewesen, sagte ein Opfer, habe dem Diakon nichts entgegenzusetzen gehabt. Und schlie\u00dflich sagt er unter dem Applaus der Zuh\u00f6rer: \u201eIch bin es leid, mich zu sch\u00e4men.\u201c Dass die Kirche vieles in dem Fall ignoriert und heruntergespielt habe, habe sich \u201ebeschissen angef\u00fchlt\u201c. Schlie\u00dflich res\u00fcmiert ein Sprecher der Betroffenen: \u201eWir haben lange gek\u00e4mpft. Jetzt haben wir gewonnen.\u201c Der Missbrauch sei vom Gericht anerkannt worden. Das f\u00fchre nun zu Erleichterung und auch Genugtuung. <\/p>\n<p>Handeln war absichtsvoll, systematisch und vom sexuellen Lustgewinn geleitet<\/p>\n<p id=\"absatz24\" class=\"em_text\">Gleichwohl sprachen viele Prozessbeobachter von einem Gest\u00e4ndnis ohne Reue. Das Gest\u00e4ndnis sei nicht von einem Wiedergutmachungsgedanken geleitet gewesen, sondern von Schadensabwehr. Ein Prozessbeobachter schrieb sp\u00e4ter zu diesem Prozess: \u201eAls junge Erwachsene mussten sie feststellen, dass das Handeln des Diakons absichtsvoll und systematisch von seinem Streben nach sexuellem pers\u00f6nlichen Lustgewinn geleitet war. Da zerbricht Vertrauen, da werden Dinge, die als fr\u00f6hlich und heiter erlebt wurden, im Nachhinein d\u00fcster und bedrohlich. Da wurde der kostbare Raum erster zarter Beziehungs- und sexueller Erfahrungen von einem berechnenden Erwachsenen missbraucht und besch\u00e4digt.\u201c<\/p>\n<p id=\"absatz25\"><b class=\"bold\">Die Einsch\u00e4tzung<\/b>: <a href=\"https:\/\/www.nw.de\/lokal\/bielefeld\/mitte\/24115204_Taeter-ohne-Reue-Offene-Fragen-nach-Missbrauchsurteil-gegen-Bielefelder-Diakon.html\" rel=\"nofollow noopener\" target=\"_blank\">T\u00e4ter ohne Reue? Offene Fragen nach Missbrauchsurteil gegen Bielefelder Diakon<\/a> <\/p>\n<p id=\"absatz26\" class=\"em_text\">Um das zu heilen, sei kein Gerichtsurteil geeignet \u2013 ob zur Bew\u00e4hrung oder nicht. Erst recht nicht, wenn man in dem 2024 ver\u00f6ffentlichten Buch des T\u00e4ters (unter Pseudonym erschienen) den Eindruck gewinnt, dass er gar nichts bereue. Das Urteil gegen den Bielefelder ist rechtskr\u00e4ftig. <\/p>\n","protected":false},"excerpt":{"rendered":"Bielefeld. Naturerleben, K\u00f6rperlichkeit und Kirche \u2013 dieser sehr fortschrittliche Ansatz in der kirchlichen Jugendarbeit in der Bielefelder Dietrich-Bonhoeffer-Gemeinde&hellip;\n","protected":false},"author":2,"featured_media":431063,"comment_status":"","ping_status":"","sticky":false,"template":"","format":"standard","meta":{"footnotes":""},"categories":[1841],"tags":[43083,1601,1605,48194,112629,102404,3364,29,112631,112628,30,48193,8259,112633,31160,16392,1608,733,16896,33168,736,16384,23780,1920,112627,112626,16395,1209,22059,121,33167,33166,112625,5502,112632,112630,1997,1243,1995],"class_list":{"0":"post-431062","1":"post","2":"type-post","3":"status-publish","4":"format-standard","5":"has-post-thumbnail","7":"category-bielefeld","8":"tag-gestndnis","9":"tag-amtsgericht","10":"tag-bielefeld","11":"tag-birgitt-gottwald","12":"tag-christian-bald","13":"tag-cnt_top-artikel","14":"tag-de","15":"tag-deutschland","16":"tag-dietrich-bonhoeffer-gemeinde","17":"tag-erschtterung","18":"tag-germany","19":"tag-jens-reichenbach","20":"tag-jugendarbeit","21":"tag-jugenddiakon","22":"tag-kirchenkreis","23":"tag-label_blaulicht","24":"tag-label_top-news","25":"tag-label_unterhalte-mich","26":"tag-label_xl-160","27":"tag-meta_artikelklasse_podcast","28":"tag-meta_copyrights_nw","29":"tag-meta_themen_blaulicht_sicherheit","30":"tag-meta_userneeds_beruehremich","31":"tag-missbrauch","32":"tag-nackttreffen","33":"tag-naturerleben","34":"tag-neue-westflische","35":"tag-nordrhein-westfalen","36":"tag-owl","37":"tag-polizei","38":"tag-serie_crime","39":"tag-serie_podcast","40":"tag-sexuelle-bergriffe","41":"tag-sexueller-missbrauch","42":"tag-sexueller-missbrauch-schutzbefohlener","43":"tag-staatsaanwaltschaft","44":"tag-staatsanwaltschaft","45":"tag-urteil","46":"tag-verbrechen"},"share_on_mastodon":{"url":"","error":"Validation failed: Text character limit of 500 exceeded"},"_links":{"self":[{"href":"https:\/\/www.europesays.com\/de\/wp-json\/wp\/v2\/posts\/431062","targetHints":{"allow":["GET"]}}],"collection":[{"href":"https:\/\/www.europesays.com\/de\/wp-json\/wp\/v2\/posts"}],"about":[{"href":"https:\/\/www.europesays.com\/de\/wp-json\/wp\/v2\/types\/post"}],"author":[{"embeddable":true,"href":"https:\/\/www.europesays.com\/de\/wp-json\/wp\/v2\/users\/2"}],"replies":[{"embeddable":true,"href":"https:\/\/www.europesays.com\/de\/wp-json\/wp\/v2\/comments?post=431062"}],"version-history":[{"count":0,"href":"https:\/\/www.europesays.com\/de\/wp-json\/wp\/v2\/posts\/431062\/revisions"}],"wp:featuredmedia":[{"embeddable":true,"href":"https:\/\/www.europesays.com\/de\/wp-json\/wp\/v2\/media\/431063"}],"wp:attachment":[{"href":"https:\/\/www.europesays.com\/de\/wp-json\/wp\/v2\/media?parent=431062"}],"wp:term":[{"taxonomy":"category","embeddable":true,"href":"https:\/\/www.europesays.com\/de\/wp-json\/wp\/v2\/categories?post=431062"},{"taxonomy":"post_tag","embeddable":true,"href":"https:\/\/www.europesays.com\/de\/wp-json\/wp\/v2\/tags?post=431062"}],"curies":[{"name":"wp","href":"https:\/\/api.w.org\/{rel}","templated":true}]}}